{"id":2355,"date":"2015-06-09T06:15:41","date_gmt":"2015-06-09T06:15:41","guid":{"rendered":"https:\/\/codexflores.ch\/index.php\/2015\/06\/09\/kommissar-wallander-wird-zum-opernhelden\/"},"modified":"2015-06-09T06:15:41","modified_gmt":"2015-06-09T06:15:41","slug":"kommissar-wallander-wird-zum-opernhelden","status":"publish","type":"post","link":"https:\/\/codexflores.ch\/index.php\/2015\/06\/09\/kommissar-wallander-wird-zum-opernhelden\/","title":{"rendered":"Kommissar Wallander wird zum Opernhelden"},"content":{"rendered":"<p><span style=\"font-family: arial,helvetica,sans-serif; font-size: small;\">09.06.2015 &#8212; Die Universit\u00e4t T\u00fcbingen bringt die Krimifigur Kurt Wallander des schwedischen Autors Henning Mankell im Sommer 2016 auf die Opernb\u00fchne. Die Musik zur Oper \u00abW \u2013 The truth beyond\u00bb stammt vom (nat\u00fcrlich) schwedischen Komponisten Fredrik Sixten.<\/span><\/p>\n<p><span style=\"font-family: arial,helvetica,sans-serif; font-size: small;\"><strong>09.06.2015 &#8212; Die Universit\u00e4t T\u00fcbingen bringt die Krimifigur Kurt Wallander des schwedischen Autors Henning Mankell im Sommer 2016 auf die Opernb\u00fchne. Die Musik zur Oper \u00abW \u2013 The truth beyond\u00bb stammt vom (nat\u00fcrlich) schwedischen Komponisten Fredrik Sixten.<\/strong><\/span><\/p>\n<p>\u00a0<\/p>\n<p><span style=\"font-family: arial,helvetica,sans-serif; font-size: small;\">Das Libretto in englischer Sprache verfasst der schwedische Dramatiker Klas Abrahamsson. Initiator des Projekts ist der T\u00fcbinger Universit\u00e4tsmusikdirektor Philipp Amelung.<\/span><\/p>\n<p>\u00a0<\/p>\n<p><span style=\"font-family: arial,helvetica,sans-serif; font-size: small;\">Fredrik Sixten gilt als einer der bedeutendsten Kirchenmusiker Skandinaviens. Er war Organist am Dom zu H\u00e4rn\u00f6sand in Schweden sowie am Nidarosdom im norwegischen Trondheim. 2010 w\u00e4hlte ihn die Stockholm Music Association zum Composer of the Year. Sixten, der seit Mitte 2014 als freier K\u00fcnstler arbeitet, komponierte bislang vor allem Oratorien, wie ein Requiem, eine Markuspassion sowie ein Weihnachtsoratorium.<\/span><\/p>\n<p>\u00a0<\/p>\n<p><span style=\"font-family: arial,helvetica,sans-serif; font-size: small;\">Unter der k\u00fcnstlerischen Leitung von Philipp Amelung werden das Collegium Musicum der Universit\u00e4t sowie Studierende der Musikhochschule Stuttgart die Oper auff\u00fchren. Die Regie \u00fcbernimmt der Schauspieler und Moderator Malte Arkona. Weitere Kooperationspartner und F\u00f6rderer sind die Fachbereiche Musikwissenschaft, Medienwissenschaft, Germanistik und Skandinavistik der Universit\u00e4t T\u00fcbingen sowie die St\u00e4dte T\u00fcbingen und Ystad, der schwedische Schauplatz der Wallander-Krimis. <\/span><\/p>\n<p>\u00a0<\/p>\n<p><span style=\"font-family: arial,helvetica,sans-serif; font-size: small;\">Die Urauff\u00fchrung wird am 15. Juli 2016 in T\u00fcbingen mit der W\u00fcrttembergischen Philharmonie Reutlingen stattfinden. Am 13. August ist die Premiere im Theater von Ystad gemeinsam mit dem Orchester La Banda modern. <em>(cf)<\/em><\/span><\/p>\n<p><span style=\"font-family: arial,helvetica,sans-serif; font-size: small;\">\u00a0<\/span><\/p>\n","protected":false},"excerpt":{"rendered":"<p><span style=\"font-family: arial,helvetica,sans-serif; font-size: small;\">09.06.2015 &#8212; Die Universit\u00e4t T\u00fcbingen bringt die Krimifigur Kurt Wallander des schwedischen Autors Henning Mankell im Sommer 2016 auf die Opernb\u00fchne. Die Musik zur Oper \u00abW \u2013 The truth beyond\u00bb stammt vom (nat\u00fcrlich) schwedischen Komponisten Fredrik Sixten.<\/span><\/p>\n","protected":false},"author":1,"featured_media":0,"comment_status":"open","ping_status":"open","sticky":false,"template":"","format":"standard","meta":{"footnotes":""},"categories":[2],"tags":[],"class_list":["post-2355","post","type-post","status-publish","format-standard","hentry","category-nachrichten","entry"],"_links":{"self":[{"href":"https:\/\/codexflores.ch\/index.php\/wp-json\/wp\/v2\/posts\/2355","targetHints":{"allow":["GET"]}}],"collection":[{"href":"https:\/\/codexflores.ch\/index.php\/wp-json\/wp\/v2\/posts"}],"about":[{"href":"https:\/\/codexflores.ch\/index.php\/wp-json\/wp\/v2\/types\/post"}],"author":[{"embeddable":true,"href":"https:\/\/codexflores.ch\/index.php\/wp-json\/wp\/v2\/users\/1"}],"replies":[{"embeddable":true,"href":"https:\/\/codexflores.ch\/index.php\/wp-json\/wp\/v2\/comments?post=2355"}],"version-history":[{"count":0,"href":"https:\/\/codexflores.ch\/index.php\/wp-json\/wp\/v2\/posts\/2355\/revisions"}],"wp:attachment":[{"href":"https:\/\/codexflores.ch\/index.php\/wp-json\/wp\/v2\/media?parent=2355"}],"wp:term":[{"taxonomy":"category","embeddable":true,"href":"https:\/\/codexflores.ch\/index.php\/wp-json\/wp\/v2\/categories?post=2355"},{"taxonomy":"post_tag","embeddable":true,"href":"https:\/\/codexflores.ch\/index.php\/wp-json\/wp\/v2\/tags?post=2355"}],"curies":[{"name":"wp","href":"https:\/\/api.w.org\/{rel}","templated":true}]}}