{"id":2363,"date":"2015-06-13T08:29:00","date_gmt":"2015-06-13T08:29:00","guid":{"rendered":"https:\/\/codexflores.ch\/index.php\/2015\/06\/13\/netrebko-sagt-luzerner-konzert-ab\/"},"modified":"2015-06-13T08:29:00","modified_gmt":"2015-06-13T08:29:00","slug":"netrebko-sagt-luzerner-konzert-ab","status":"publish","type":"post","link":"https:\/\/codexflores.ch\/index.php\/2015\/06\/13\/netrebko-sagt-luzerner-konzert-ab\/","title":{"rendered":"Netrebko sagt Luzerner Konzert ab"},"content":{"rendered":"<p><span style=\"font-family: arial,helvetica,sans-serif; font-size: small;\">13.06.2015 &#8212; Das Luzerner Sinfonieorchester (LSO) vermeldet im Auftrag des Veranstalters Universal Music London, dass das Konzert mit Anna Netrebko am 15. Juni 2015 im KKL Luzern aus gesundheitlichen Gr\u00fcnden abgesagt werden muss.<\/span><\/p>\n<p><span style=\"font-family: arial,helvetica,sans-serif; font-size: small;\"><strong>13.06.2015 &#8212; Das Luzerner Sinfonieorchester (LSO) vermeldet im Auftrag des Veranstalters Universal Music London, dass das Konzert mit Anna Netrebko am 15. Juni 2015 im KKL Luzern aus gesundheitlichen Gr\u00fcnden abgesagt werden muss.<\/strong><\/span><\/p>\n<p>\u00a0<\/p>\n<p><span style=\"font-family: arial,helvetica,sans-serif; font-size: small;\">Der Konzertveranstalter bedauere ausserordentlich, schreibt das LSO, dass die konzertante Auff\u00fchrung von Tschaikowskis \u00abIolanta\u00bb aufgrund einer Erkrankung von Anna Netrebko abgesagt werden m\u00fcsse. Die Sopranistin leide an einem akuten Infekt und d\u00fcrfe auf \u00e4rztlichen Rat bis zum 25. Juni nicht singen. Bezahlte Konzertkarten werden zur\u00fcckerstattet. <em>(cf)<\/em><\/span><\/p>\n","protected":false},"excerpt":{"rendered":"<p><span style=\"font-family: arial,helvetica,sans-serif; font-size: small;\">13.06.2015 &#8212; Das Luzerner Sinfonieorchester (LSO) vermeldet im Auftrag des Veranstalters Universal Music London, dass das Konzert mit Anna Netrebko am 15. Juni 2015 im KKL Luzern aus gesundheitlichen Gr\u00fcnden abgesagt werden muss.<\/span><\/p>\n","protected":false},"author":1,"featured_media":0,"comment_status":"open","ping_status":"open","sticky":false,"template":"","format":"standard","meta":{"footnotes":""},"categories":[2],"tags":[],"class_list":["post-2363","post","type-post","status-publish","format-standard","hentry","category-nachrichten","entry"],"_links":{"self":[{"href":"https:\/\/codexflores.ch\/index.php\/wp-json\/wp\/v2\/posts\/2363","targetHints":{"allow":["GET"]}}],"collection":[{"href":"https:\/\/codexflores.ch\/index.php\/wp-json\/wp\/v2\/posts"}],"about":[{"href":"https:\/\/codexflores.ch\/index.php\/wp-json\/wp\/v2\/types\/post"}],"author":[{"embeddable":true,"href":"https:\/\/codexflores.ch\/index.php\/wp-json\/wp\/v2\/users\/1"}],"replies":[{"embeddable":true,"href":"https:\/\/codexflores.ch\/index.php\/wp-json\/wp\/v2\/comments?post=2363"}],"version-history":[{"count":0,"href":"https:\/\/codexflores.ch\/index.php\/wp-json\/wp\/v2\/posts\/2363\/revisions"}],"wp:attachment":[{"href":"https:\/\/codexflores.ch\/index.php\/wp-json\/wp\/v2\/media?parent=2363"}],"wp:term":[{"taxonomy":"category","embeddable":true,"href":"https:\/\/codexflores.ch\/index.php\/wp-json\/wp\/v2\/categories?post=2363"},{"taxonomy":"post_tag","embeddable":true,"href":"https:\/\/codexflores.ch\/index.php\/wp-json\/wp\/v2\/tags?post=2363"}],"curies":[{"name":"wp","href":"https:\/\/api.w.org\/{rel}","templated":true}]}}