{"id":2367,"date":"2015-06-16T06:20:40","date_gmt":"2015-06-16T06:20:40","guid":{"rendered":"https:\/\/codexflores.ch\/index.php\/2015\/06\/16\/tod-des-dirigenten-walter-weller\/"},"modified":"2015-06-16T06:20:40","modified_gmt":"2015-06-16T06:20:40","slug":"tod-des-dirigenten-walter-weller","status":"publish","type":"post","link":"https:\/\/codexflores.ch\/index.php\/2015\/06\/16\/tod-des-dirigenten-walter-weller\/","title":{"rendered":"Tod des Dirigenten Walter Weller"},"content":{"rendered":"<p><span style=\"font-family: arial,helvetica,sans-serif; font-size: small;\">16.06.2015 &#8212; Walter Weller, der fr\u00fchere Generalmusikdirektor des Basler Theaters und Chefdirigent des Basler Sinfonieorchesters, ist im Alter von 76 Jahren in Wien verstorben.<\/span><\/p>\n<p><span style=\"font-family: arial,helvetica,sans-serif; font-size: small;\"><strong>16.06.2015 &#8212; Walter Weller, der fr\u00fchere Generalmusikdirektor des Basler Theaters und Chefdirigent des Basler Sinfonieorchesters, ist im Alter von 76 Jahren in Wien verstorben.<\/strong><\/span><\/p>\n<p>\u00a0<\/p>\n<p><span style=\"font-family: arial,helvetica,sans-serif; font-size: small;\">Walter Weller wurde in Wien geboren und und wurde mit 17 Jahren Mitglied der Wiener Philharmoniker. Nur ein Jahr sp\u00e4ter gr\u00fcndete er das Weller Quartett. 1961 wurde Walter Weller Konzertmeister der Wiener Philharmoniker und deb\u00fctierte 1966 als Dirigent. 1969 wurde er als Dirigent an die Wiener Staatsoper und Volksoper verpflichtet.<\/span><\/p>\n<p>\u00a0<\/p>\n<p><span style=\"font-family: arial,helvetica,sans-serif; font-size: small;\">Walter Weller war Musikdirektor und Chefdirigent des Royal Liverpool Philharmonic Orchestra, Chefdirigent des Royal Philharmonic Orchestra London, Chefdirigent des Royal Scottish National Orchestra, ab 1994 Musikdirektor der Allgemeinen Musikgesellschaft Basel, Generalmusikdirektor des Basler Theaters und Chefdirigent des Basler Sinfonieorchesters.<\/span><\/p>\n<p>\u00a0<\/p>\n<p><span style=\"font-family: arial,helvetica,sans-serif; font-size: small;\">Von der Saison 2007\/2008 hat Walter Weller die Position des Musikdirektors und Chefdirigenten \u00fcber das Orchestre National de Belgique \u00fcbernommen.<em> (cf)<\/em><\/span><\/p>\n","protected":false},"excerpt":{"rendered":"<p><span style=\"font-family: arial,helvetica,sans-serif; font-size: small;\">16.06.2015 &#8212; Walter Weller, der fr\u00fchere Generalmusikdirektor des Basler Theaters und Chefdirigent des Basler Sinfonieorchesters, ist im Alter von 76 Jahren in Wien verstorben.<\/span><\/p>\n","protected":false},"author":1,"featured_media":0,"comment_status":"open","ping_status":"open","sticky":false,"template":"","format":"standard","meta":{"footnotes":""},"categories":[2],"tags":[],"class_list":["post-2367","post","type-post","status-publish","format-standard","hentry","category-nachrichten","entry"],"_links":{"self":[{"href":"https:\/\/codexflores.ch\/index.php\/wp-json\/wp\/v2\/posts\/2367","targetHints":{"allow":["GET"]}}],"collection":[{"href":"https:\/\/codexflores.ch\/index.php\/wp-json\/wp\/v2\/posts"}],"about":[{"href":"https:\/\/codexflores.ch\/index.php\/wp-json\/wp\/v2\/types\/post"}],"author":[{"embeddable":true,"href":"https:\/\/codexflores.ch\/index.php\/wp-json\/wp\/v2\/users\/1"}],"replies":[{"embeddable":true,"href":"https:\/\/codexflores.ch\/index.php\/wp-json\/wp\/v2\/comments?post=2367"}],"version-history":[{"count":0,"href":"https:\/\/codexflores.ch\/index.php\/wp-json\/wp\/v2\/posts\/2367\/revisions"}],"wp:attachment":[{"href":"https:\/\/codexflores.ch\/index.php\/wp-json\/wp\/v2\/media?parent=2367"}],"wp:term":[{"taxonomy":"category","embeddable":true,"href":"https:\/\/codexflores.ch\/index.php\/wp-json\/wp\/v2\/categories?post=2367"},{"taxonomy":"post_tag","embeddable":true,"href":"https:\/\/codexflores.ch\/index.php\/wp-json\/wp\/v2\/tags?post=2367"}],"curies":[{"name":"wp","href":"https:\/\/api.w.org\/{rel}","templated":true}]}}