{"id":2368,"date":"2015-06-16T06:36:54","date_gmt":"2015-06-16T06:36:54","guid":{"rendered":"https:\/\/codexflores.ch\/index.php\/2015\/06\/16\/ashkenazy-legt-amt-als-euyo-leiter-nieder\/"},"modified":"2015-06-16T06:36:54","modified_gmt":"2015-06-16T06:36:54","slug":"ashkenazy-legt-amt-als-euyo-leiter-nieder","status":"publish","type":"post","link":"https:\/\/codexflores.ch\/index.php\/2015\/06\/16\/ashkenazy-legt-amt-als-euyo-leiter-nieder\/","title":{"rendered":"Ashkenazy legt Amt als EUYO-Leiter nieder"},"content":{"rendered":"<p><span style=\"font-family: arial,helvetica,sans-serif; font-size: small;\">16.06.2015 &#8212; Vladimir Ashkenazy hat sein Amt als Musikalischer Leiter des European Union Youth Orchestra (EUYO) mit sofortiger Wirkung niedergelegt. Er bekleidete den Posten bei dem Jugendorchester als Nachfolger von Bernhard Haitink seit dem Jahr 2000.<\/span><\/p>\n<p><strong><span style=\"font-family: arial,helvetica,sans-serif; font-size: small;\">16.06.2015 &#8212; Vladimir Ashkenazy hat sein Amt als Musikalischer Leiter des European Union Youth Orchestra (EUYO) mit sofortiger Wirkung niedergelegt. Er bekleidete den Posten bei dem Jugendorchester als Nachfolger von Bernhard Haitink seit dem Jahr 2000.<\/span><\/strong><\/p>\n<p>\u00a0<\/p>\n<p><span style=\"font-family: arial,helvetica,sans-serif; font-size: small;\">Gr\u00fcnde f\u00fcr den Schritt gibt das EUYO keine an. Laut dem luxemburgischen Fachmagazin Pizzicato k\u00f6nnen Differenzen zwischen Ashkenazy und dem EUYO-Gesch\u00e4ftsf\u00fchrer Marshall Marcus daf\u00fcr eine Rolle spielen.<\/span><\/p>\n<p><span style=\"font-family: arial,helvetica,sans-serif; font-size: small;\">\u00a0<\/span><\/p>\n<p><span style=\"font-family: arial,helvetica,sans-serif; font-size: small;\">Das\u00a0European Union Youth Orchestra wurde von Claudio Abbado gegr\u00fcndet und vereint junge Musikerinnen und Musiker im Alter von 14 bis 24 Jahren aus allen Mitgliedstaaten der Europ\u00e4ischen Union. Die ehemaligen Mitglieder des EUYO musizieren sp\u00e4ter in den grossen Orchestern oder verfolgen Karrieren als Solisten, Dirigenten, Komponisten und Musiklehrer. Eine Umfrage hat ergeben, dass 93 Prozent aller Absolventen einem Beruf als professionelle Musiker nachgehen.<\/span><\/p>\n<p>\u00a0<\/p>\n<p><span style=\"font-family: arial,helvetica,sans-serif; font-size: small;\">Das European Union Youth Orchestra und Vladimir Ashkenazy sind auch mit dem Festival Interlaken Classics verbunden, wo sie bisher regelm\u00e4ssig aufgetreten sind und das Geischt des Anlasses in der Nachwuchsf\u00f6rderung mitgepr\u00e4gt haben. <em>(cf)<\/em><\/span><\/p>\n<p>\u00a0<\/p>\n<p>\u00a0<\/p>\n<p>\u00a0<\/p>\n<p>\u00a0<\/p>\n","protected":false},"excerpt":{"rendered":"<p><span style=\"font-family: arial,helvetica,sans-serif; font-size: small;\">16.06.2015 &#8212; Vladimir Ashkenazy hat sein Amt als Musikalischer Leiter des European Union Youth Orchestra (EUYO) mit sofortiger Wirkung niedergelegt. Er bekleidete den Posten bei dem Jugendorchester als Nachfolger von Bernhard Haitink seit dem Jahr 2000.<\/span><\/p>\n","protected":false},"author":1,"featured_media":0,"comment_status":"open","ping_status":"open","sticky":false,"template":"","format":"standard","meta":{"footnotes":""},"categories":[2],"tags":[],"class_list":["post-2368","post","type-post","status-publish","format-standard","hentry","category-nachrichten","entry"],"_links":{"self":[{"href":"https:\/\/codexflores.ch\/index.php\/wp-json\/wp\/v2\/posts\/2368","targetHints":{"allow":["GET"]}}],"collection":[{"href":"https:\/\/codexflores.ch\/index.php\/wp-json\/wp\/v2\/posts"}],"about":[{"href":"https:\/\/codexflores.ch\/index.php\/wp-json\/wp\/v2\/types\/post"}],"author":[{"embeddable":true,"href":"https:\/\/codexflores.ch\/index.php\/wp-json\/wp\/v2\/users\/1"}],"replies":[{"embeddable":true,"href":"https:\/\/codexflores.ch\/index.php\/wp-json\/wp\/v2\/comments?post=2368"}],"version-history":[{"count":0,"href":"https:\/\/codexflores.ch\/index.php\/wp-json\/wp\/v2\/posts\/2368\/revisions"}],"wp:attachment":[{"href":"https:\/\/codexflores.ch\/index.php\/wp-json\/wp\/v2\/media?parent=2368"}],"wp:term":[{"taxonomy":"category","embeddable":true,"href":"https:\/\/codexflores.ch\/index.php\/wp-json\/wp\/v2\/categories?post=2368"},{"taxonomy":"post_tag","embeddable":true,"href":"https:\/\/codexflores.ch\/index.php\/wp-json\/wp\/v2\/tags?post=2368"}],"curies":[{"name":"wp","href":"https:\/\/api.w.org\/{rel}","templated":true}]}}