{"id":2369,"date":"2015-06-16T09:40:37","date_gmt":"2015-06-16T09:40:37","guid":{"rendered":"https:\/\/codexflores.ch\/index.php\/2015\/06\/16\/religioese-musik-in-der-schule\/"},"modified":"2015-06-16T09:40:37","modified_gmt":"2015-06-16T09:40:37","slug":"religioese-musik-in-der-schule","status":"publish","type":"post","link":"https:\/\/codexflores.ch\/index.php\/2015\/06\/16\/religioese-musik-in-der-schule\/","title":{"rendered":"Religi\u00f6se Musik in der Schule"},"content":{"rendered":"<p style=\"text-align: center;\"><span style=\"font-family: arial,helvetica,sans-serif; font-size: small;\"><em>von Wolfgang B\u00f6hler<\/em><\/span><\/p>\n<p><span style=\"font-family: arial,helvetica,sans-serif; font-size: small;\">\u00a0<\/span><\/p>\n<p><span style=\"font-family: arial,helvetica,sans-serif; font-size: small;\"><img decoding=\"async\" src=\"images\/kolumnewb.jpg\" border=\"0\" alt=\"Portr\u00e4t Wolfgang B\u00f6hler\" style=\"float: left; margin: 8px;\" \/>12.06.2015 \u2013 Auf den ersten Blick wirkt\u2019s wie ein Schildb\u00fcrgerstreich: Die Stadtgenfer Schulbeh\u00f6rde Direction de l\u2019enseignement obligatoire (DGO) verbietet die Mitwirkung von f\u00fcnf- bis siebenj\u00e4hrigen Primarsch\u00fclern in einer Auff\u00fchrung von Brittens <em>Noah&#8217;s Flood<\/em>. Das Vorhaben verst\u00f6sst nach \u00dcberzeugung der Genfer Verwaltung gegen die laizistischen Grundprinzipien der Stadt. Sie hat damit ein Projekt des Genfer Kammerorchesters torpediert. Der Entscheid bringt ein generell heikles Thema an die Oberfl\u00e4che: Staatliche Schulen m\u00fcssen irgendwie damit zurechtkommen, dass Religion ein Zwitterwesen ist aus einerseits Weltanschauung und andererseits personaler und sozialer Identit\u00e4t.<\/span><\/p>\n<p style=\"text-align: center;\"><span style=\"font-family: arial,helvetica,sans-serif; font-size: small;\"><em>von Wolfgang B\u00f6hler<\/em><\/span><\/p>\n<p><span style=\"font-family: arial,helvetica,sans-serif; font-size: small;\">\u00a0<\/span><\/p>\n<p><span style=\"font-family: arial,helvetica,sans-serif; font-size: small;\"><img decoding=\"async\" src=\"images\/kolumnewb.jpg\" border=\"0\" alt=\"Portr\u00e4t Wolfgang B\u00f6hler\" style=\"float: left; margin: 8px;\" \/>12.06.2015 \u2013 Auf den ersten Blick wirkt\u2019s wie ein Schildb\u00fcrgerstreich: Die Stadtgenfer Schulbeh\u00f6rde Direction de l\u2019enseignement obligatoire (DGO) verbietet die Mitwirkung von f\u00fcnf- bis siebenj\u00e4hrigen Primarsch\u00fclern in einer Auff\u00fchrung von Brittens <em>Noah&#8217;s Flood<\/em>. Das Vorhaben verst\u00f6sst nach \u00dcberzeugung der Genfer Verwaltung gegen die laizistischen Grundprinzipien der Stadt. Sie hat damit ein Projekt des Genfer Kammerorchesters torpediert. Der Entscheid bringt ein generell heikles Thema an die Oberfl\u00e4che: Staatliche Schulen m\u00fcssen irgendwie damit zurechtkommen, dass Religion ein Zwitterwesen ist aus einerseits Weltanschauung und andererseits personaler und sozialer Identit\u00e4t.<\/span><\/p>\n<p><span style=\"font-family: arial,helvetica,sans-serif; font-size: small;\">\u00a0<\/span><\/p>\n<p><span style=\"font-family: arial,helvetica,sans-serif; font-size: small;\">Bloss zur Erinnerung: Neu ist das Thema nicht, denn schon die Zeugen Jehovas (um bloss ein Beispiel zu nennen), f\u00fchlen sich seit jeher ungerecht behandelt, wenn sie mit Weigerungen, ihre Kinder an Schulweihnachtsfeiern teilnehmen zu lassen, nicht durchkommen. Und in reformierten Gegenden in der Schule ein (selbstredend katholisches) <em>Ave Maria<\/em> anzustimmen, hat auch schon immer mal Irritationen ausl\u00f6sen k\u00f6nnen.<\/span><\/p>\n<p><span style=\"font-family: arial,helvetica,sans-serif; font-size: small;\">\u00a0<\/span><\/p>\n<p><span style=\"font-family: arial,helvetica,sans-serif; font-size: small;\">Im s\u00e4kularen Staat kann Religion v\u00f6llig frei gew\u00e4hlt und ausge\u00fcbt werden. Sie bleibt aber Privatsache. Das ist eine der ganz grossen Errungenschaften der Aufkl\u00e4rung. Niemand will hierzulande zur\u00fcck zu Religionskriegen und religi\u00f6ser Gerichtsbarkeit. Der Entscheid der DGO ist deshalb im Kern konsequent. Die Auseinandesetzungen um die Grenzen zwischen Religion und Zivilgesellschaft haben in Zeiten der Migration und damit der immer gewichtigeren Pr\u00e4senz aller Weltreligionen auch in der Schweiz an Dringlichkeit zugenommen.<\/span><\/p>\n<p><span style=\"font-family: arial,helvetica,sans-serif; font-size: small;\">\u00a0<\/span><\/p>\n<p><span style=\"font-family: arial,helvetica,sans-serif; font-size: small;\">Dennoch scheint uns ein altes, sehr schweizerisches Rezept im Umgang mit solchen Konflikten von allen schlechten L\u00f6sungen die akzeptabelste: Schon immer waren Schulbeh\u00f6rden in solchen F\u00e4llen zum einen darum bem\u00fcht, im Interesse der Kinder aus weltanschaulichen Differenzen keine grossen Geschichten zu machen und statt Prinzipienreiterei eher Pragmatismus walten zu lassen.<\/span><\/p>\n<p><span style=\"font-family: arial,helvetica,sans-serif; font-size: small;\">\u00a0<\/span><\/p>\n<p><span style=\"font-family: arial,helvetica,sans-serif; font-size: small;\">Zum andern haben sie im Einzelfall immer wieder kreative, manchmal halt juristisch auch nicht ganz total lupenreine Auswege gesucht, um trotz allem allen Recht zu tun: Dem Staat, der ein Recht darauf hat, das Entstehen von Parallelgesellschaften zu unterbinden, den Familien, die ein Recht darauf haben, ihren eigenen Wertmassst\u00e4ben gem\u00e4ss zu leben \u2012 und den Kindern, die in solchen Situationen meistens sehr leiden, wenn sie in Doppelbindungen aus Zugeh\u00f6rigkeit zu einer Kindergesellschaft und der Solidarit\u00e4t mit ihrer Familie geraten. Staatliche Prinzipien, die zu Dogmen erstarren, werden genau zu dem, was sie bek\u00e4mpfen: zur Religion. \u00a0\u00a0\u00a0\u00a0\u00a0\u00a0\u00a0<\/span><\/p>\n","protected":false},"excerpt":{"rendered":"<p style=\"text-align: center;\"><span style=\"font-family: arial,helvetica,sans-serif; font-size: small;\"><em>von Wolfgang B\u00f6hler<\/em><\/span><\/p>\n<p><span style=\"font-family: arial,helvetica,sans-serif; font-size: small;\">\u00a0<\/span><\/p>\n<p><span style=\"font-family: arial,helvetica,sans-serif; font-size: small;\"><img decoding=\"async\" src=\"images\/kolumnewb.jpg\" border=\"0\" alt=\"Portr\u00e4t Wolfgang B\u00f6hler\" style=\"float: left; margin: 8px;\" \/>12.06.2015 \u2013 Auf den ersten Blick wirkt\u2019s wie ein Schildb\u00fcrgerstreich: Die Stadtgenfer Schulbeh\u00f6rde Direction de l\u2019enseignement obligatoire (DGO) verbietet die Mitwirkung von f\u00fcnf- bis siebenj\u00e4hrigen Primarsch\u00fclern in einer Auff\u00fchrung von Brittens <em>Noah&#8217;s Flood<\/em>. Das Vorhaben verst\u00f6sst nach \u00dcberzeugung der Genfer Verwaltung gegen die laizistischen Grundprinzipien der Stadt. Sie hat damit ein Projekt des Genfer Kammerorchesters torpediert. Der Entscheid bringt ein generell heikles Thema an die Oberfl\u00e4che: Staatliche Schulen m\u00fcssen irgendwie damit zurechtkommen, dass Religion ein Zwitterwesen ist aus einerseits Weltanschauung und andererseits personaler und sozialer Identit\u00e4t.<\/span><\/p>\n","protected":false},"author":1,"featured_media":0,"comment_status":"open","ping_status":"open","sticky":false,"template":"","format":"standard","meta":{"footnotes":""},"categories":[5],"tags":[],"class_list":["post-2369","post","type-post","status-publish","format-standard","hentry","category-editorials","entry"],"_links":{"self":[{"href":"https:\/\/codexflores.ch\/index.php\/wp-json\/wp\/v2\/posts\/2369","targetHints":{"allow":["GET"]}}],"collection":[{"href":"https:\/\/codexflores.ch\/index.php\/wp-json\/wp\/v2\/posts"}],"about":[{"href":"https:\/\/codexflores.ch\/index.php\/wp-json\/wp\/v2\/types\/post"}],"author":[{"embeddable":true,"href":"https:\/\/codexflores.ch\/index.php\/wp-json\/wp\/v2\/users\/1"}],"replies":[{"embeddable":true,"href":"https:\/\/codexflores.ch\/index.php\/wp-json\/wp\/v2\/comments?post=2369"}],"version-history":[{"count":0,"href":"https:\/\/codexflores.ch\/index.php\/wp-json\/wp\/v2\/posts\/2369\/revisions"}],"wp:attachment":[{"href":"https:\/\/codexflores.ch\/index.php\/wp-json\/wp\/v2\/media?parent=2369"}],"wp:term":[{"taxonomy":"category","embeddable":true,"href":"https:\/\/codexflores.ch\/index.php\/wp-json\/wp\/v2\/categories?post=2369"},{"taxonomy":"post_tag","embeddable":true,"href":"https:\/\/codexflores.ch\/index.php\/wp-json\/wp\/v2\/tags?post=2369"}],"curies":[{"name":"wp","href":"https:\/\/api.w.org\/{rel}","templated":true}]}}