{"id":2374,"date":"2015-06-17T06:17:39","date_gmt":"2015-06-17T06:17:39","guid":{"rendered":"https:\/\/codexflores.ch\/index.php\/2015\/06\/17\/flimms-nachfolger-in-berlin-heisst-matthias-schulz\/"},"modified":"2015-06-17T06:17:39","modified_gmt":"2015-06-17T06:17:39","slug":"flimms-nachfolger-in-berlin-heisst-matthias-schulz","status":"publish","type":"post","link":"https:\/\/codexflores.ch\/index.php\/2015\/06\/17\/flimms-nachfolger-in-berlin-heisst-matthias-schulz\/","title":{"rendered":"Flimms Nachfolger in Berlin heisst Matthias Schulz"},"content":{"rendered":"<p>17.06.2015 &#8212; Wie die <em>Welt<\/em> schreibt, wird der Regierende B\u00fcrgermeister von Berlin heute verk\u00fcnden, dass Matthias Schulz, seit 2012 der Gesch\u00e4ftsf\u00fchrer der Salzburger Stiftung Mozarteum, im Sommer 2018 Nachfolger von J\u00fcrgen Flimm als Intendant der Staatsoper Unter den Linden wird.<\/p>\n<p><strong>17.06.2015 &#8212; Wie die<em> Welt<\/em> schreibt, wird der Regierende B\u00fcrgermeister von Berlin heute verk\u00fcnden, dass Matthias Schulz, seit 2012 der Gesch\u00e4ftsf\u00fchrer der Salzburger Stiftung Mozarteum, im Sommer 2018 Nachfolger von J\u00fcrgen Flimm als Intendant der Staatsoper Unter den Linden wird.<\/strong><\/p>\n<p>\u00a0<\/p>\n<p>Die Wahl h\u00e4tten Chefdirigent Daniel Barenboim und Flimm gemeinsam aus einer Liste von \u00fcber zwanzig m\u00f6glichen Namen getroffen, so der <em>Welt<\/em>-Kritiker Manuel Brug. Schulz soll die Arbeit in Berlin allerdings bereits ab 2016 aufnehmen, vor allem \u00abum die n\u00f6tigen Planungen ab 2018 mit der gebotenen branchen\u00fcblichen, in Berlin aber selten realisierten Vorlaufzeit angehen zu k\u00f6nnen\u00bb, wie Brug weiter schreibt.<em> (cf)<\/em><\/p>\n<p>\u00a0<\/p>\n<p>\u00a0<\/p>\n<p>\u00a0<\/p>\n","protected":false},"excerpt":{"rendered":"<p>17.06.2015 &#8212; Wie die <em>Welt<\/em> schreibt, wird der Regierende B\u00fcrgermeister von Berlin heute verk\u00fcnden, dass Matthias Schulz, seit 2012 der Gesch\u00e4ftsf\u00fchrer der Salzburger Stiftung Mozarteum, im Sommer 2018 Nachfolger von J\u00fcrgen Flimm als Intendant der Staatsoper Unter den Linden wird.<\/p>\n","protected":false},"author":1,"featured_media":0,"comment_status":"open","ping_status":"open","sticky":false,"template":"","format":"standard","meta":{"footnotes":""},"categories":[2],"tags":[],"class_list":["post-2374","post","type-post","status-publish","format-standard","hentry","category-nachrichten","entry"],"_links":{"self":[{"href":"https:\/\/codexflores.ch\/index.php\/wp-json\/wp\/v2\/posts\/2374","targetHints":{"allow":["GET"]}}],"collection":[{"href":"https:\/\/codexflores.ch\/index.php\/wp-json\/wp\/v2\/posts"}],"about":[{"href":"https:\/\/codexflores.ch\/index.php\/wp-json\/wp\/v2\/types\/post"}],"author":[{"embeddable":true,"href":"https:\/\/codexflores.ch\/index.php\/wp-json\/wp\/v2\/users\/1"}],"replies":[{"embeddable":true,"href":"https:\/\/codexflores.ch\/index.php\/wp-json\/wp\/v2\/comments?post=2374"}],"version-history":[{"count":0,"href":"https:\/\/codexflores.ch\/index.php\/wp-json\/wp\/v2\/posts\/2374\/revisions"}],"wp:attachment":[{"href":"https:\/\/codexflores.ch\/index.php\/wp-json\/wp\/v2\/media?parent=2374"}],"wp:term":[{"taxonomy":"category","embeddable":true,"href":"https:\/\/codexflores.ch\/index.php\/wp-json\/wp\/v2\/categories?post=2374"},{"taxonomy":"post_tag","embeddable":true,"href":"https:\/\/codexflores.ch\/index.php\/wp-json\/wp\/v2\/tags?post=2374"}],"curies":[{"name":"wp","href":"https:\/\/api.w.org\/{rel}","templated":true}]}}