{"id":2378,"date":"2015-06-19T06:02:05","date_gmt":"2015-06-19T06:02:05","guid":{"rendered":"https:\/\/codexflores.ch\/index.php\/2015\/06\/19\/lso-verlaengert-vertrag-mit-gaffigan\/"},"modified":"2015-06-19T06:02:05","modified_gmt":"2015-06-19T06:02:05","slug":"lso-verlaengert-vertrag-mit-gaffigan","status":"publish","type":"post","link":"https:\/\/codexflores.ch\/index.php\/2015\/06\/19\/lso-verlaengert-vertrag-mit-gaffigan\/","title":{"rendered":"Luzerner Sinfonieorchester verl\u00e4ngert Vertrag mit Gaffigan"},"content":{"rendered":"<p><span style=\"font-family: arial,helvetica,sans-serif; font-size: small;\">19.06.2015 &#8212; Das Luzerner Sinfonieorchester (LSO) verl\u00e4ngert James Gaffigans Vertrag als Chefdirigent bis ins Jahr 2022.<br \/><\/span><\/p>\n<p><span style=\"font-family: arial,helvetica,sans-serif; font-size: small;\"><strong>19.06.2015 &#8212; Das Luzerner Sinfonieorchester (LSO) verl\u00e4ngert James Gaffigans Vertrag als Chefdirigent bis ins Jahr 2022.<br \/><\/strong><\/span><\/p>\n<p><span style=\"font-family: arial,helvetica,sans-serif; font-size: small;\">\u00a0<\/span><\/p>\n<p><span style=\"font-family: arial,helvetica,sans-serif; font-size: small;\">Gaffigan ist seit Herbst 2011 Chefdirigent des Luzerner Sinfonieorchesters. Neben seiner T\u00e4tigkeit im sinfonischen Bereich deb\u00fctierte er 2005 mit Auff\u00fchrungen von \u00abLa Boh\u00e8me\u00bb (Puccini) im Opernhaus Z\u00fcrich. Im Sommer 2000 geh\u00f6rte er zu den acht jungen diplomierten Dirigenten, die von David Zinman ausgew\u00e4hlt wurden, um an der American Academy of Conducting in Aspen teilzunehmen.<\/span><\/p>\n<p><span style=\"font-family: arial,helvetica,sans-serif; font-size: small;\">\u00a0<\/span><\/p>\n<p><span style=\"font-family: arial,helvetica,sans-serif; font-size: small;\">In den letzten Jahren habe das LSO sein Repertoire beachtlich erweitern k\u00f6nnen, schreibt das Orchester in der offiziellen Mitteilung zur Vertragsverl\u00e4ngerung. Die Konzertauslastungen wie auch die Unterst\u00fctzung durch F\u00f6rderer sei sukzessive ausgebaut worden. Das internationale Profil des LSO lasse sich an den Tourneen in die europ\u00e4ischen Metropolen, Asien und S\u00fcdamerika ablesen.<\/span><\/p>\n<p><span style=\"font-family: arial,helvetica,sans-serif; font-size: small;\">\u00a0<\/span><\/p>\n<p><span style=\"font-family: arial,helvetica,sans-serif; font-size: small;\">Kompositionsauftr\u00e4ge an Wolfgang Rihm wie Thomas Ad\u00e8s w\u00fcrden dies unterstreichen. Der F\u00f6rderung junger Talente legt das Orchester viel Gewicht bei. In \u00fcber zehn CD-Aufnahmen in den letzten zehn Jahren dokumentiert sich zudem das weite Repertoire des Orchesters.<em> (cf)<\/em><\/span><\/p>\n","protected":false},"excerpt":{"rendered":"<p><span style=\"font-family: arial,helvetica,sans-serif; font-size: small;\">19.06.2015 &#8212; Das Luzerner Sinfonieorchester (LSO) verl\u00e4ngert James Gaffigans Vertrag als Chefdirigent bis ins Jahr 2022.<br \/><\/span><\/p>\n","protected":false},"author":1,"featured_media":0,"comment_status":"open","ping_status":"open","sticky":false,"template":"","format":"standard","meta":{"footnotes":""},"categories":[2],"tags":[],"class_list":["post-2378","post","type-post","status-publish","format-standard","hentry","category-nachrichten","entry"],"_links":{"self":[{"href":"https:\/\/codexflores.ch\/index.php\/wp-json\/wp\/v2\/posts\/2378","targetHints":{"allow":["GET"]}}],"collection":[{"href":"https:\/\/codexflores.ch\/index.php\/wp-json\/wp\/v2\/posts"}],"about":[{"href":"https:\/\/codexflores.ch\/index.php\/wp-json\/wp\/v2\/types\/post"}],"author":[{"embeddable":true,"href":"https:\/\/codexflores.ch\/index.php\/wp-json\/wp\/v2\/users\/1"}],"replies":[{"embeddable":true,"href":"https:\/\/codexflores.ch\/index.php\/wp-json\/wp\/v2\/comments?post=2378"}],"version-history":[{"count":0,"href":"https:\/\/codexflores.ch\/index.php\/wp-json\/wp\/v2\/posts\/2378\/revisions"}],"wp:attachment":[{"href":"https:\/\/codexflores.ch\/index.php\/wp-json\/wp\/v2\/media?parent=2378"}],"wp:term":[{"taxonomy":"category","embeddable":true,"href":"https:\/\/codexflores.ch\/index.php\/wp-json\/wp\/v2\/categories?post=2378"},{"taxonomy":"post_tag","embeddable":true,"href":"https:\/\/codexflores.ch\/index.php\/wp-json\/wp\/v2\/tags?post=2378"}],"curies":[{"name":"wp","href":"https:\/\/api.w.org\/{rel}","templated":true}]}}