{"id":2381,"date":"2015-06-22T05:29:06","date_gmt":"2015-06-22T05:29:06","guid":{"rendered":"https:\/\/codexflores.ch\/index.php\/2015\/06\/22\/nanasi-verlaesst-die-komische-oper-berlin-2017\/"},"modified":"2015-06-22T05:29:06","modified_gmt":"2015-06-22T05:29:06","slug":"nanasi-verlaesst-die-komische-oper-berlin-2017","status":"publish","type":"post","link":"https:\/\/codexflores.ch\/index.php\/2015\/06\/22\/nanasi-verlaesst-die-komische-oper-berlin-2017\/","title":{"rendered":"N\u00e1n\u00e1si verl\u00e4sst die Komische Oper Berlin 2017"},"content":{"rendered":"<p><span style=\"font-family: arial,helvetica,sans-serif; font-size: small;\">22.06.2015 &#8212; Henrik N\u00e1n\u00e1si, Generalmusikdirektor der Komischen Oper Berlin, wird seinen Vertrag kein weiteres Mal verl\u00e4ngern. Er wolle sich ab 2017 auf seine internationalen Verpflichtungen konzentrieren, schreibt das Haus.<\/span><\/p>\n<p>\u00a0<\/p>\n<p><span style=\"font-family: arial,helvetica,sans-serif; font-size: small;\"><strong>22.06.2015 &#8212; Henrik N\u00e1n\u00e1si, Generalmusikdirektor der Komischen Oper Berlin, wird seinen Vertrag kein weiteres Mal verl\u00e4ngern. Er wolle sich ab 2017 auf seine internationalen Verpflichtungen konzentrieren, schreibt das Haus.<\/strong><\/span><\/p>\n<p>\u00a0<\/p>\n<p><span style=\"font-family: arial,helvetica,sans-serif; font-size: small;\">N\u00e1n\u00e1si\u00a0leitet die musikalischen Geschicke im Haus an der Behrenstrasse seit Beginn der Intendanz von Barrie Kosky 2012. Seinen Vertrag, der zun\u00e4chst \u00fcber drei Jahre lief und den er 2013 verl\u00e4ngert hat, l\u00e4sst er mit Ende der Spielzeit 2016\/17 auslaufen.<\/span><\/p>\n<p><span style=\"font-family: arial,helvetica,sans-serif; font-size: small;\">\u00a0<\/span><\/p>\n<p><span style=\"font-family: arial,helvetica,sans-serif; font-size: small;\">Henrik N\u00e1n\u00e1si deb\u00fctierte in den letzten Jahren unter anderem am Londoner Royal Opera House Covent Garden und in der Arena di Verona. In den kommenden Spielzeiten stehen seine Deb\u00fcts an der Lyric Opera of Chicago und an der Op\u00e9ra National de Paris bevor.<em> (cf)<\/em><\/span><\/p>\n<p>\u00a0<\/p>\n","protected":false},"excerpt":{"rendered":"<p><span style=\"font-family: arial,helvetica,sans-serif; font-size: small;\">22.06.2015 &#8212; Henrik N\u00e1n\u00e1si, Generalmusikdirektor der Komischen Oper Berlin, wird seinen Vertrag kein weiteres Mal verl\u00e4ngern. Er wolle sich ab 2017 auf seine internationalen Verpflichtungen konzentrieren, schreibt das Haus.<\/span><\/p>\n","protected":false},"author":1,"featured_media":0,"comment_status":"open","ping_status":"open","sticky":false,"template":"","format":"standard","meta":{"footnotes":""},"categories":[2],"tags":[],"class_list":["post-2381","post","type-post","status-publish","format-standard","hentry","category-nachrichten","entry"],"_links":{"self":[{"href":"https:\/\/codexflores.ch\/index.php\/wp-json\/wp\/v2\/posts\/2381","targetHints":{"allow":["GET"]}}],"collection":[{"href":"https:\/\/codexflores.ch\/index.php\/wp-json\/wp\/v2\/posts"}],"about":[{"href":"https:\/\/codexflores.ch\/index.php\/wp-json\/wp\/v2\/types\/post"}],"author":[{"embeddable":true,"href":"https:\/\/codexflores.ch\/index.php\/wp-json\/wp\/v2\/users\/1"}],"replies":[{"embeddable":true,"href":"https:\/\/codexflores.ch\/index.php\/wp-json\/wp\/v2\/comments?post=2381"}],"version-history":[{"count":0,"href":"https:\/\/codexflores.ch\/index.php\/wp-json\/wp\/v2\/posts\/2381\/revisions"}],"wp:attachment":[{"href":"https:\/\/codexflores.ch\/index.php\/wp-json\/wp\/v2\/media?parent=2381"}],"wp:term":[{"taxonomy":"category","embeddable":true,"href":"https:\/\/codexflores.ch\/index.php\/wp-json\/wp\/v2\/categories?post=2381"},{"taxonomy":"post_tag","embeddable":true,"href":"https:\/\/codexflores.ch\/index.php\/wp-json\/wp\/v2\/tags?post=2381"}],"curies":[{"name":"wp","href":"https:\/\/api.w.org\/{rel}","templated":true}]}}