{"id":2386,"date":"2015-06-23T06:03:11","date_gmt":"2015-06-23T06:03:11","guid":{"rendered":"https:\/\/codexflores.ch\/index.php\/2015\/06\/23\/bilanz-der-schlosskonzerte-thun-2015\/"},"modified":"2015-06-23T06:03:11","modified_gmt":"2015-06-23T06:03:11","slug":"bilanz-der-schlosskonzerte-thun-2015","status":"publish","type":"post","link":"https:\/\/codexflores.ch\/index.php\/2015\/06\/23\/bilanz-der-schlosskonzerte-thun-2015\/","title":{"rendered":"Bilanz der Schlosskonzerte Thun 2015"},"content":{"rendered":"<p><span style=\"font-family: arial,helvetica,sans-serif; font-size: small;\">23.06.2015 &#8212; Die 48. Schlosskonzerte Thun haben gegen\u00fcber dem Vorjahr eine tiefere Auslastung erreicht. Die durchschnittliche Auslastung der Konzerte fiel mit knapp 60 Prozent um 20 Prozent tiefer aus als im Vorjahr.<\/span><\/p>\n<p><span style=\"font-family: arial,helvetica,sans-serif; font-size: small;\"><strong>23.06.2015 &#8212; Die 48. Schlosskonzerte Thun haben gegen\u00fcber dem Vorjahr eine tiefere Auslastung erreicht. Die durchschnittliche Auslastung der Konzerte fiel mit knapp 60 Prozent um 20 Prozent tiefer aus als im Vorjahr.<\/strong><\/span><\/p>\n<p><span style=\"font-family: arial,helvetica,sans-serif; font-size: small;\">\u00a0<\/span><\/p>\n<p><span style=\"font-family: arial,helvetica,sans-serif; font-size: small;\">Der R\u00fcckgang sei unter anderem darauf zur\u00fcckzuf\u00fchren gewesen, schreiben die Veranstalter, dass dieses Jahr zwei Konzerte doppelt angeboten worden, aber nicht auf die erhoffte \u00fcberdurchschnittliche Nachfrage gestossen seien. Gez\u00e4hlt wurden insgesamt rund 1600 Eintritte.\u00a0<\/span><\/p>\n<p><span style=\"font-family: arial,helvetica,sans-serif; font-size: small;\">\u00a0<\/span><\/p>\n<p><span style=\"font-family: arial,helvetica,sans-serif; font-size: small;\">Auftritte gab es in Thun unter anderem vom Carmina Quartett, von I Salonisti mit der Sopranistin Ga\u00eblle M\u00e9chaly und der\u00a0 junge niederl\u00e4ndischen Cellistin Harriet Krijgh. <em>(cf)\u00a0<\/em> <\/span><\/p>\n","protected":false},"excerpt":{"rendered":"<p><span style=\"font-family: arial,helvetica,sans-serif; font-size: small;\">23.06.2015 &#8212; Die 48. Schlosskonzerte Thun haben gegen\u00fcber dem Vorjahr eine tiefere Auslastung erreicht. Die durchschnittliche Auslastung der Konzerte fiel mit knapp 60 Prozent um 20 Prozent tiefer aus als im Vorjahr.<\/span><\/p>\n","protected":false},"author":1,"featured_media":0,"comment_status":"open","ping_status":"open","sticky":false,"template":"","format":"standard","meta":{"footnotes":""},"categories":[2],"tags":[],"class_list":["post-2386","post","type-post","status-publish","format-standard","hentry","category-nachrichten","entry"],"_links":{"self":[{"href":"https:\/\/codexflores.ch\/index.php\/wp-json\/wp\/v2\/posts\/2386","targetHints":{"allow":["GET"]}}],"collection":[{"href":"https:\/\/codexflores.ch\/index.php\/wp-json\/wp\/v2\/posts"}],"about":[{"href":"https:\/\/codexflores.ch\/index.php\/wp-json\/wp\/v2\/types\/post"}],"author":[{"embeddable":true,"href":"https:\/\/codexflores.ch\/index.php\/wp-json\/wp\/v2\/users\/1"}],"replies":[{"embeddable":true,"href":"https:\/\/codexflores.ch\/index.php\/wp-json\/wp\/v2\/comments?post=2386"}],"version-history":[{"count":0,"href":"https:\/\/codexflores.ch\/index.php\/wp-json\/wp\/v2\/posts\/2386\/revisions"}],"wp:attachment":[{"href":"https:\/\/codexflores.ch\/index.php\/wp-json\/wp\/v2\/media?parent=2386"}],"wp:term":[{"taxonomy":"category","embeddable":true,"href":"https:\/\/codexflores.ch\/index.php\/wp-json\/wp\/v2\/categories?post=2386"},{"taxonomy":"post_tag","embeddable":true,"href":"https:\/\/codexflores.ch\/index.php\/wp-json\/wp\/v2\/tags?post=2386"}],"curies":[{"name":"wp","href":"https:\/\/api.w.org\/{rel}","templated":true}]}}