{"id":2390,"date":"2015-06-24T06:13:02","date_gmt":"2015-06-24T06:13:02","guid":{"rendered":"https:\/\/codexflores.ch\/index.php\/2015\/06\/24\/dmitrij-kitajenko-in-zagreb-geehrt\/"},"modified":"2015-06-24T06:13:02","modified_gmt":"2015-06-24T06:13:02","slug":"dmitrij-kitajenko-in-zagreb-geehrt","status":"publish","type":"post","link":"https:\/\/codexflores.ch\/index.php\/2015\/06\/24\/dmitrij-kitajenko-in-zagreb-geehrt\/","title":{"rendered":"Dmitrij Kitajenko in Zagreb geehrt"},"content":{"rendered":"<p><span style=\"font-family: arial,helvetica,sans-serif; font-size: small;\">24.06.2015 &#8212; Dmitrij Kitajenko, der fr\u00fchere Chefdirigent des Berner Symphonieorchesters, ist in der kroatischen Hauptstadt Zagreb vom B\u00fcrgermeister Milan Bandic geehrt worden. Er anerkennt die Verdienste des Maestros um das Musikleben der Stadt.<\/span><\/p>\n<p><span style=\"font-family: arial,helvetica,sans-serif; font-size: small;\"><strong>24.06.2015 &#8212; Dmitrij Kitajenko, der fr\u00fchere Chefdirigent des Berner Symphonieorchesters, ist in der kroatischen Hauptstadt Zagreb vom B\u00fcrgermeister Milan Bandic geehrt worden. Er anerkennt die Verdienste des Maestros um das Musikleben der Stadt.<\/strong><\/span><\/p>\n<p><span style=\"font-family: arial,helvetica,sans-serif; font-size: small;\">\u00a0<\/span><\/p>\n<p><span style=\"font-family: arial,helvetica,sans-serif; font-size: small;\">Kitajenko, der K\u00fcnstlerischer Berater des Philharmonischen Orchesters von Zagreb ist, habe durch seine Professionalit\u00e4t und sein Engagement das Orchester auf ein h\u00f6heres Niveau gebracht, sagte Bandic laut einem Bericht des luxemburgischen Fachmagazins <em>Pizzicato<\/em>. Zusammen mit anderen Kultureinrichtungen bilde \u00abdas Philharmonische Orchester Zagreb die Grundlage f\u00fcr die Entwicklung und das Wachstum der Stadt als wahre Kulturhauptstadt\u00bb. Kitajenko spiele dabei eine \u00abeminent wichtige Rolle\u00bb.<\/span><\/p>\n<p><span style=\"font-family: arial,helvetica,sans-serif; font-size: small;\">\u00a0<\/span><\/p>\n<p><span style=\"font-family: arial,helvetica,sans-serif; font-size: small;\">Kitajenko war von 1990 bis 2004 Chefdirigent des Berner Symphonie-Orchesters, sowie von 1990 bis 1998 Chefdirigent des Philharmonischen Orchesters Bergen und von 1999 bis 2004 Chefdirigent des Sinfonieorchesters des koreanischen Rundfunks. Seit 2012 ist Kitajenko Erster Gastdirigent des Konzerthausorchesters Berlin. <em>(cf)<\/em><\/span><\/p>\n","protected":false},"excerpt":{"rendered":"<p><span style=\"font-family: arial,helvetica,sans-serif; font-size: small;\">24.06.2015 &#8212; Dmitrij Kitajenko, der fr\u00fchere Chefdirigent des Berner Symphonieorchesters, ist in der kroatischen Hauptstadt Zagreb vom B\u00fcrgermeister Milan Bandic geehrt worden. Er anerkennt die Verdienste des Maestros um das Musikleben der Stadt.<\/span><\/p>\n","protected":false},"author":1,"featured_media":0,"comment_status":"open","ping_status":"open","sticky":false,"template":"","format":"standard","meta":{"footnotes":""},"categories":[2],"tags":[],"class_list":["post-2390","post","type-post","status-publish","format-standard","hentry","category-nachrichten","entry"],"_links":{"self":[{"href":"https:\/\/codexflores.ch\/index.php\/wp-json\/wp\/v2\/posts\/2390","targetHints":{"allow":["GET"]}}],"collection":[{"href":"https:\/\/codexflores.ch\/index.php\/wp-json\/wp\/v2\/posts"}],"about":[{"href":"https:\/\/codexflores.ch\/index.php\/wp-json\/wp\/v2\/types\/post"}],"author":[{"embeddable":true,"href":"https:\/\/codexflores.ch\/index.php\/wp-json\/wp\/v2\/users\/1"}],"replies":[{"embeddable":true,"href":"https:\/\/codexflores.ch\/index.php\/wp-json\/wp\/v2\/comments?post=2390"}],"version-history":[{"count":0,"href":"https:\/\/codexflores.ch\/index.php\/wp-json\/wp\/v2\/posts\/2390\/revisions"}],"wp:attachment":[{"href":"https:\/\/codexflores.ch\/index.php\/wp-json\/wp\/v2\/media?parent=2390"}],"wp:term":[{"taxonomy":"category","embeddable":true,"href":"https:\/\/codexflores.ch\/index.php\/wp-json\/wp\/v2\/categories?post=2390"},{"taxonomy":"post_tag","embeddable":true,"href":"https:\/\/codexflores.ch\/index.php\/wp-json\/wp\/v2\/tags?post=2390"}],"curies":[{"name":"wp","href":"https:\/\/api.w.org\/{rel}","templated":true}]}}