{"id":2393,"date":"2015-06-25T06:01:07","date_gmt":"2015-06-25T06:01:07","guid":{"rendered":"https:\/\/codexflores.ch\/index.php\/2015\/06\/25\/schwerdtfeger-wechselt-zum-beethovenfestes-bonn\/"},"modified":"2015-06-25T06:01:07","modified_gmt":"2015-06-25T06:01:07","slug":"schwerdtfeger-wechselt-zum-beethovenfestes-bonn","status":"publish","type":"post","link":"https:\/\/codexflores.ch\/index.php\/2015\/06\/25\/schwerdtfeger-wechselt-zum-beethovenfestes-bonn\/","title":{"rendered":"Schwerdtfeger wechselt zum Beethovenfest Bonn"},"content":{"rendered":"<p><span style=\"font-family: arial,helvetica,sans-serif; font-size: small;\">25.06.2015 &#8212; Dettloff Schwerdtfeger, der derzeitige\u00a0Gesch\u00e4ftsf\u00fchrer des Leipziger Bachfestes, \u00fcbernimmt ab Anfang 2016 das Amt des Kaufm\u00e4nnischen Gesch\u00e4ftsf\u00fchrers des Bonner Beethovenfestes. Die Vertragslaufzeit betr\u00e4gt zun\u00e4chst f\u00fcnf Jahre bis Ende\u00a02020.<\/span><\/p>\n<p>\u00a0<\/p>\n<p><span style=\"font-family: arial,helvetica,sans-serif; font-size: small;\"><strong>25.06.2015 &#8212; Dettloff Schwerdtfeger, der derzeitige\u00a0Gesch\u00e4ftsf\u00fchrer des Leipziger Bachfestes, \u00fcbernimmt ab Anfang 2016 das Amt des Kaufm\u00e4nnischen Gesch\u00e4ftsf\u00fchrers des Bonner Beethovenfestes. Die Vertragslaufzeit betr\u00e4gt zun\u00e4chst f\u00fcnf Jahre bis Ende\u00a02020.<\/strong><\/span><\/p>\n<p>\u00a0<\/p>\n<p><span style=\"font-family: arial,helvetica,sans-serif; font-size: small;\">Gemeinsam mit Beethovenfest-Intendantin Nike Wagner soll Schwerdtfeger laut der Mitteilung der Stadt Bonn helfen, das Fest neu auszurichten. Schwerdtfeger verf\u00fcge \u00fcber langj\u00e4hrige Erfahrung als leitender Kulturmanager bei der Stockhausen-Stiftung f\u00fcr Musik und sei seit 2006 als Gesch\u00e4ftsf\u00fchrer der Leipziger Stiftung Bach-Archiv eingesetzt und dort mit dem Bachfest Leipzig und dem Bach-Wettbewerb betraut. Von 2006 bis 2015 konnten die Besucherzahlen des Bachfestes von 43&#8217;000 auf 75&#8217;000 und das Budget von 1,2 auf 2,1 Millionen Euro gesteigert\u00a0werden. <\/span><\/p>\n<p>\u00a0<\/p>\n<p><span style=\"font-family: arial,helvetica,sans-serif; font-size: small;\">Die Stelle des Kaufm\u00e4nnischen Direktors der Internationalen Beethovenfest gGmbH f\u00e4llt ab 1. Januar 2016 weg. F\u00fcr die Dauer der Intendanz wird Nike Wagner deshalb ein kaufm\u00e4nnischer Gesch\u00e4ftsf\u00fchrer zur Seite\u00a0gestellt.<em> (cf)<\/em><\/span><\/p>\n<p>\u00a0<\/p>\n","protected":false},"excerpt":{"rendered":"<p><span style=\"font-family: arial,helvetica,sans-serif; font-size: small;\">25.06.2015 &#8212; Dettloff Schwerdtfeger, der derzeitige\u00a0Gesch\u00e4ftsf\u00fchrer des Leipziger Bachfestes, \u00fcbernimmt ab Anfang 2016 das Amt des Kaufm\u00e4nnischen Gesch\u00e4ftsf\u00fchrers des Bonner Beethovenfestes. Die Vertragslaufzeit betr\u00e4gt zun\u00e4chst f\u00fcnf Jahre bis Ende\u00a02020.<\/span><\/p>\n","protected":false},"author":1,"featured_media":0,"comment_status":"open","ping_status":"open","sticky":false,"template":"","format":"standard","meta":{"footnotes":""},"categories":[2],"tags":[],"class_list":["post-2393","post","type-post","status-publish","format-standard","hentry","category-nachrichten","entry"],"_links":{"self":[{"href":"https:\/\/codexflores.ch\/index.php\/wp-json\/wp\/v2\/posts\/2393","targetHints":{"allow":["GET"]}}],"collection":[{"href":"https:\/\/codexflores.ch\/index.php\/wp-json\/wp\/v2\/posts"}],"about":[{"href":"https:\/\/codexflores.ch\/index.php\/wp-json\/wp\/v2\/types\/post"}],"author":[{"embeddable":true,"href":"https:\/\/codexflores.ch\/index.php\/wp-json\/wp\/v2\/users\/1"}],"replies":[{"embeddable":true,"href":"https:\/\/codexflores.ch\/index.php\/wp-json\/wp\/v2\/comments?post=2393"}],"version-history":[{"count":0,"href":"https:\/\/codexflores.ch\/index.php\/wp-json\/wp\/v2\/posts\/2393\/revisions"}],"wp:attachment":[{"href":"https:\/\/codexflores.ch\/index.php\/wp-json\/wp\/v2\/media?parent=2393"}],"wp:term":[{"taxonomy":"category","embeddable":true,"href":"https:\/\/codexflores.ch\/index.php\/wp-json\/wp\/v2\/categories?post=2393"},{"taxonomy":"post_tag","embeddable":true,"href":"https:\/\/codexflores.ch\/index.php\/wp-json\/wp\/v2\/tags?post=2393"}],"curies":[{"name":"wp","href":"https:\/\/api.w.org\/{rel}","templated":true}]}}