{"id":2396,"date":"2015-06-26T05:24:33","date_gmt":"2015-06-26T05:24:33","guid":{"rendered":"https:\/\/codexflores.ch\/index.php\/2015\/06\/26\/auf-dem-weg-zum-tag-der-musik-in-der-deutschschweiz\/"},"modified":"2015-06-26T05:24:33","modified_gmt":"2015-06-26T05:24:33","slug":"auf-dem-weg-zum-tag-der-musik-in-der-deutschschweiz","status":"publish","type":"post","link":"https:\/\/codexflores.ch\/index.php\/2015\/06\/26\/auf-dem-weg-zum-tag-der-musik-in-der-deutschschweiz\/","title":{"rendered":"Auf dem Weg zum Tag der Musik in der Deutschschweiz"},"content":{"rendered":"<p><span style=\"font-family: arial,helvetica,sans-serif; font-size: small;\">26.06.2015 &#8212; Mit \u00fcber 1500 Veranstaltungen und \u00fcber 100&#8217;000 Mitwirkenden ist in Deutschland der diesj\u00e4hrige Tag der Musik gefeiert worden. Auch in der Welschschweiz stiess er auf grosse Resonanz.\u00a0 In der Deutschschweiz ist er noch kaum bekannt.<\/span><\/p>\n<p><span style=\"font-family: arial,helvetica,sans-serif; font-size: small;\"><strong>26.06.2015 &#8212;\u00a0<span style=\"font-family: arial,helvetica,sans-serif; font-size: small;\">Mit \u00fcber 1500 Veranstaltungen und \u00fcber 100&#8217;000 Mitwirkenden ist in Deutschland der diesj\u00e4hrige Tag der Musik gefeiert worden. Auch in der Welschschweiz stiess er auf grosse Resonanz.\u00a0 In der Deutschschweiz ist er noch kaum bekannt.<\/span><\/strong><\/span><\/p>\n<p><span style=\"font-family: arial,helvetica,sans-serif; font-size: small;\">\u00a0<\/span><\/p>\n<p><span style=\"font-family: arial,helvetica,sans-serif; font-size: small;\">Der Tag der Musik \u2013 oder das F\u00eate de la musique, wie es in den franz\u00f6sischsprachigen Gebieten heisst \u2013 geht auf die Initiative des fr\u00fcheren franz\u00f6sischen Kulturministers Jack Lang zur\u00fcck und wird jedes Jahr am 21. Juni gefeiert. In Frankreich, Deutschland und weiteren europ\u00e4ischen L\u00e4ndern sowie in der Romandie ist der Tag fester Bestandteil im Jahreskalender.<\/span><\/p>\n<p><span style=\"font-family: arial,helvetica,sans-serif; font-size: small;\">\u00a0<\/span><\/p>\n<p><span style=\"font-family: arial,helvetica,sans-serif; font-size: small;\">Aufbauend auf bereits bestehenden musikalischen Aktivit\u00e4ten in der Schweiz, hofft der Schweizer Muskkrat\u00a0 den Tag der Musik \u00fcber die kommenden Jahre hinweg \u00abzu einem nationalen Anlass mit gr\u00f6sstm\u00f6glicher Breitenwirkung in allen Sprachregionen\u00bb zu entwickeln, der \u00abaus der Bev\u00f6lkerung heraus getragen und gestaltet wird, zu stil- und sparten\u00fcbergreifenden Anl\u00e4ssen motiviert und den ganzen Reichtum der musikalisch-kulturellen Vielfalt unseres Landes zeigt\u00bb.<em> (cf)\u00a0<\/em> <\/span><\/p>\n<p><span style=\"font-family: arial,helvetica,sans-serif; font-size: small;\">\u00a0<\/span><\/p>\n<p>\u00a0<\/p>\n","protected":false},"excerpt":{"rendered":"<p><span style=\"font-family: arial,helvetica,sans-serif; font-size: small;\">26.06.2015 &#8212; Mit \u00fcber 1500 Veranstaltungen und \u00fcber 100&#8217;000 Mitwirkenden ist in Deutschland der diesj\u00e4hrige Tag der Musik gefeiert worden. Auch in der Welschschweiz stiess er auf grosse Resonanz.\u00a0 In der Deutschschweiz ist er noch kaum bekannt.<\/span><\/p>\n","protected":false},"author":1,"featured_media":0,"comment_status":"open","ping_status":"open","sticky":false,"template":"","format":"standard","meta":{"footnotes":""},"categories":[2],"tags":[],"class_list":["post-2396","post","type-post","status-publish","format-standard","hentry","category-nachrichten","entry"],"_links":{"self":[{"href":"https:\/\/codexflores.ch\/index.php\/wp-json\/wp\/v2\/posts\/2396","targetHints":{"allow":["GET"]}}],"collection":[{"href":"https:\/\/codexflores.ch\/index.php\/wp-json\/wp\/v2\/posts"}],"about":[{"href":"https:\/\/codexflores.ch\/index.php\/wp-json\/wp\/v2\/types\/post"}],"author":[{"embeddable":true,"href":"https:\/\/codexflores.ch\/index.php\/wp-json\/wp\/v2\/users\/1"}],"replies":[{"embeddable":true,"href":"https:\/\/codexflores.ch\/index.php\/wp-json\/wp\/v2\/comments?post=2396"}],"version-history":[{"count":0,"href":"https:\/\/codexflores.ch\/index.php\/wp-json\/wp\/v2\/posts\/2396\/revisions"}],"wp:attachment":[{"href":"https:\/\/codexflores.ch\/index.php\/wp-json\/wp\/v2\/media?parent=2396"}],"wp:term":[{"taxonomy":"category","embeddable":true,"href":"https:\/\/codexflores.ch\/index.php\/wp-json\/wp\/v2\/categories?post=2396"},{"taxonomy":"post_tag","embeddable":true,"href":"https:\/\/codexflores.ch\/index.php\/wp-json\/wp\/v2\/tags?post=2396"}],"curies":[{"name":"wp","href":"https:\/\/api.w.org\/{rel}","templated":true}]}}