{"id":2397,"date":"2015-06-27T11:13:19","date_gmt":"2015-06-27T11:13:19","guid":{"rendered":"https:\/\/codexflores.ch\/index.php\/2015\/06\/27\/neue-zeitschrift-fuer-musik-03-2015\/"},"modified":"2015-06-27T11:13:19","modified_gmt":"2015-06-27T11:13:19","slug":"neue-zeitschrift-fuer-musik-03-2015","status":"publish","type":"post","link":"https:\/\/codexflores.ch\/index.php\/2015\/06\/27\/neue-zeitschrift-fuer-musik-03-2015\/","title":{"rendered":"Neue Zeitschrift f\u00fcr Musik 03\/2015"},"content":{"rendered":"<p><img loading=\"lazy\" decoding=\"async\" src=\"images\/zeitschriften_covers\/ORG_2014_04_100px.jpg\" border=\"0\" alt=\"Cover Zeitschrift\" width=\"100\" height=\"143\" style=\"float: left; margin: 8px;\" \/><\/p>\n<p><strong>\u00a0<\/strong><span style=\"font-family: arial,helvetica,sans-serif; font-size: small;\"><strong>Gespr\u00e4ch <br \/><\/strong><\/span><\/p>\n<p><span class=\"articleTextSmall\" style=\"font-family: arial,helvetica,sans-serif; font-size: small;\">Wagner, Christoph <\/span><br \/><span style=\"font-family: arial,helvetica,sans-serif; font-size: small;\"> <a class=\"articleTextBold\" href=\"http:\/\/www.musikderzeit.de\/de_DE\/journal\/current\/showarticle,39648.html\"> Noten und nicht viel mehr <\/a> <\/span><br \/><span class=\"articleText\" style=\"font-family: arial,helvetica,sans-serif; font-size: small;\"> Christian Wolff \u00fcber den Sinn und das Handwerk des Komponierens, sein Verst\u00e4ndnis von Professionalismus und die Konzertauff\u00fchrung als demokratische Praxis<\/span><\/p>\n<div class=\"article\"><span class=\"articleText\" style=\"font-family: arial,helvetica,sans-serif; font-size: small;\">\u00a0<\/span><\/div>\n<div class=\"article\">\n<h2 class=\"borderBottom\"><span style=\"font-family: arial,helvetica,sans-serif; font-size: small;\"><strong>Aufsatz<\/strong><\/span><span style=\"font-family: arial,helvetica,sans-serif; font-size: small;\"><strong> <br \/><\/strong><\/span><\/h2>\n<p> <span class=\"articleTextSmall\" style=\"font-family: arial,helvetica,sans-serif; font-size: small;\">Drees, Stefan <\/span><br \/><span style=\"font-family: arial,helvetica,sans-serif; font-size: small;\"> <a class=\"articleTextBold\" href=\"http:\/\/www.musikderzeit.de\/de_DE\/journal\/current\/showarticle,39649.html\"> Ein Vierteljahrhundert im Dienst vergessener Musik <\/a> <\/span><br \/><span class=\"articleText\" style=\"font-family: arial,helvetica,sans-serif; font-size: small;\"> Die Produktionen von EDA Records<\/span><\/div>\n<div class=\"article\"><span class=\"articleTextSmall\" style=\"font-family: arial,helvetica,sans-serif; font-size: small;\">Kreidler, Johannes <\/span><br \/><span style=\"font-family: arial,helvetica,sans-serif; font-size: small;\"> <a class=\"articleTextBold\" href=\"http:\/\/www.musikderzeit.de\/de_DE\/journal\/current\/showarticle,39650.html\"> Gegen Applaus <\/a> <\/span><br \/><span class=\"articleText\" style=\"font-family: arial,helvetica,sans-serif; font-size: small;\"> Oder: Schafft das Klatschen ab!<\/span><\/div>\n<div class=\"article\"><span class=\"articleText\" style=\"font-family: arial,helvetica,sans-serif; font-size: small;\">\u00a0<\/span><\/div>\n<div class=\"article\">\n<h2 class=\"borderBottom\"><span style=\"font-family: arial,helvetica,sans-serif; font-size: small;\"><strong>Thema<\/strong><\/span><span style=\"font-family: arial,helvetica,sans-serif; font-size: small;\"><strong> <br \/><\/strong><\/span><\/h2>\n<p> <span class=\"articleTextSmall\" style=\"font-family: arial,helvetica,sans-serif; font-size: small;\">Rebhahn, Michael <\/span><br \/><span style=\"font-family: arial,helvetica,sans-serif; font-size: small;\"> <a class=\"articleTextBold\" href=\"http:\/\/www.musikderzeit.de\/de_DE\/journal\/current\/showarticle,39651.html\"> Jetzt noch schneller! <\/a> <\/span><br \/><span class=\"articleText\" style=\"font-family: arial,helvetica,sans-serif; font-size: small;\"> Geschwindigkeit zwischen Obession und Kreativit\u00e4t<\/span><\/div>\n<div class=\"article\"><span class=\"articleTextSmall\" style=\"font-family: arial,helvetica,sans-serif; font-size: small;\">Drees, Stefan <\/span><br \/><span style=\"font-family: arial,helvetica,sans-serif; font-size: small;\"> <a class=\"articleTextBold\" href=\"http:\/\/www.musikderzeit.de\/de_DE\/journal\/current\/showarticle,39652.html\"> &#8222;Zeit und Raum sind schwankend geworden&#8220; <\/a> <\/span><br \/><span class=\"articleText\" style=\"font-family: arial,helvetica,sans-serif; font-size: small;\"> Zur k\u00fcnstlerischen Inszenierung von Geschwindigkeit und Beschleunigung <\/span> <\/p>\n<div class=\"articleTextSmall\" style=\"margin: 4px 0 0 0;\"><span style=\"font-family: arial,helvetica,sans-serif; font-size: small;\">Leseprobe verf\u00fcgbar<\/span><\/div>\n<\/p><\/div>\n<div class=\"article\"><span class=\"articleTextSmall\" style=\"font-family: arial,helvetica,sans-serif; font-size: small;\">Wieschollek, Dirk <\/span><br \/><span style=\"font-family: arial,helvetica,sans-serif; font-size: small;\"> <a class=\"articleTextBold\" href=\"http:\/\/www.musikderzeit.de\/de_DE\/journal\/current\/showarticle,39653.html\"> Illusionsmuster, P\u00e4zisionsmechanismen, kaputte Maschinen <\/a> <\/span><br \/><span class=\"articleText\" style=\"font-family: arial,helvetica,sans-serif; font-size: small;\"> Das Prinzip Hochgeschwindigkeit in der Musik von Gy\u00f6rgy Ligeti<\/span><\/div>\n<div class=\"article\"><span class=\"articleTextSmall\" style=\"font-family: arial,helvetica,sans-serif; font-size: small;\">Fitzner, Frauke <\/span><br \/><span style=\"font-family: arial,helvetica,sans-serif; font-size: small;\"> <a class=\"articleTextBold\" href=\"http:\/\/www.musikderzeit.de\/de_DE\/journal\/current\/showarticle,39654.html\"> Der &#8222;Zwang, neue Tempi zu w\u00e4hlen&#8220; <\/a> <\/span><br \/><span class=\"articleText\" style=\"font-family: arial,helvetica,sans-serif; font-size: small;\"> Tempobeschleunigung bei Theodor W. Adorno<\/span><\/div>\n<div class=\"article\"><span class=\"articleTextSmall\" style=\"font-family: arial,helvetica,sans-serif; font-size: small;\">Ullmaier, Johannes <\/span><br \/><span style=\"font-family: arial,helvetica,sans-serif; font-size: small;\"> <a class=\"articleTextBold\" href=\"http:\/\/www.musikderzeit.de\/de_DE\/journal\/current\/showarticle,39655.html\"> Prestissimo ma troppo <\/a> <\/span><br \/><span class=\"articleText\" style=\"font-family: arial,helvetica,sans-serif; font-size: small;\"> Ein Schnellschuss<\/span><\/div>\n<div class=\"article\"><span class=\"articleText\" style=\"font-family: arial,helvetica,sans-serif; font-size: small;\">\u00a0<\/span><\/div>\n<div class=\"article\">\n<h2 class=\"borderBottom\"><span style=\"font-family: arial,helvetica,sans-serif; font-size: small;\"><strong>Klangmomente<\/strong><\/span><span style=\"font-family: arial,helvetica,sans-serif; font-size: small;\"><strong> <br \/><\/strong><\/span><\/h2>\n<p> <span class=\"articleTextSmall\" style=\"font-family: arial,helvetica,sans-serif; font-size: small;\">Freyberg, Ellen <\/span><br \/><span style=\"font-family: arial,helvetica,sans-serif; font-size: small;\"> <a class=\"articleTextBold\" href=\"http:\/\/www.musikderzeit.de\/de_DE\/journal\/current\/showarticle,39656.html\"> Schwarze Lieder, inszenierte Lieder, Moritaten <\/a> <\/span><br \/><span class=\"articleText\" style=\"font-family: arial,helvetica,sans-serif; font-size: small;\"> Wege des Liedes in der Gegenwart<\/span><\/div>\n<div class=\"article\"><span class=\"articleTextSmall\" style=\"font-family: arial,helvetica,sans-serif; font-size: small;\">Korell, Janosch <\/span><br \/><span style=\"font-family: arial,helvetica,sans-serif; font-size: small;\"> <a class=\"articleTextBold\" href=\"http:\/\/www.musikderzeit.de\/de_DE\/journal\/current\/showarticle,39657.html\"> Hans Werner Henze und Volker Schl\u00f6ndorff <\/a> <\/span><br \/><span class=\"articleText\" style=\"font-family: arial,helvetica,sans-serif; font-size: small;\"> Portr\u00e4t einer Zusammenarbeit<\/span><\/div>\n<div class=\"article\"><span class=\"articleText\" style=\"font-family: arial,helvetica,sans-serif; font-size: small;\">\u00a0<\/span><\/div>\n<div class=\"article\">\n<h2 class=\"borderBottom\"><span style=\"font-family: arial,helvetica,sans-serif; font-size: small;\"><strong>Orte neuer Musik<\/strong><\/span><span style=\"font-family: arial,helvetica,sans-serif; font-size: small;\"><strong> <br \/><\/strong><\/span><\/h2>\n<p> <span class=\"articleTextSmall\" style=\"font-family: arial,helvetica,sans-serif; font-size: small;\">Loskill, J\u00f6rg <\/span><br \/><span style=\"font-family: arial,helvetica,sans-serif; font-size: small;\"> <a class=\"articleTextBold\" href=\"http:\/\/www.musikderzeit.de\/de_DE\/journal\/current\/showarticle,39658.html\"> Breitseite f\u00fcr die Bratschensaiten <\/a> <\/span><br \/><span class=\"articleText\" style=\"font-family: arial,helvetica,sans-serif; font-size: small;\"> Das Festival &#8222;Viola moderna&#8220; in Essen lockte Studierende und Komponisten zugleich<\/span><\/div>\n<div class=\"article\"><span class=\"articleTextSmall\" style=\"font-family: arial,helvetica,sans-serif; font-size: small;\">Nyffeler, Max <\/span><br \/><span style=\"font-family: arial,helvetica,sans-serif; font-size: small;\"> <a class=\"articleTextBold\" href=\"http:\/\/www.musikderzeit.de\/de_DE\/journal\/current\/showarticle,39659.html\"> Klangg\u00e4rten und harte Stochastik <\/a> <\/span><br \/><span class=\"articleText\" style=\"font-family: arial,helvetica,sans-serif; font-size: small;\"> Im Ensemble Boswil stimmt sich der internationale Musikernachwuchs auf die Musik der Gegenwart ein<\/span><\/div>\n<div class=\"article\"><span class=\"articleText\" style=\"font-family: arial,helvetica,sans-serif; font-size: small;\">\u00a0<\/span><\/div>\n<div class=\"article\">\n<h2 class=\"borderBottom\"><span style=\"font-family: arial,helvetica,sans-serif; font-size: small;\"><strong>Aufsatz<\/strong><\/span><span style=\"font-family: arial,helvetica,sans-serif; font-size: small;\"><strong> <br \/><\/strong><\/span><\/h2>\n<p> <span class=\"articleTextSmall\" style=\"font-family: arial,helvetica,sans-serif; font-size: small;\">Pauler, Holger <\/span><br \/><span style=\"font-family: arial,helvetica,sans-serif; font-size: small;\"> <a class=\"articleTextBold\" href=\"http:\/\/www.musikderzeit.de\/de_DE\/journal\/current\/showarticle,39660.html\"> Meister des &#8222;Instant Composing&#8220; <\/a> <\/span><br \/><span class=\"articleText\" style=\"font-family: arial,helvetica,sans-serif; font-size: small;\"> Georg Graewes Weg zwischen Improvisation und Komposition<\/span><\/div>\n<div class=\"article\"><span class=\"articleText\" style=\"font-family: arial,helvetica,sans-serif; font-size: small;\">\u00a0<\/span><\/div>\n<div class=\"article\">\n<h2 class=\"borderBottom\"><span style=\"font-family: arial,helvetica,sans-serif; font-size: small;\"><strong>Portr\u00e4t<\/strong><\/span><span style=\"font-family: arial,helvetica,sans-serif; font-size: small;\"><strong> <br \/><\/strong><\/span><\/h2>\n<p> <span class=\"articleTextSmall\" style=\"font-family: arial,helvetica,sans-serif; font-size: small;\">Tchiba, Martin <\/span><br \/><span style=\"font-family: arial,helvetica,sans-serif; font-size: small;\"> <a class=\"articleTextBold\" href=\"http:\/\/www.musikderzeit.de\/de_DE\/journal\/current\/showarticle,39661.html\"> Aus Stille geboren <\/a> <\/span><br \/><span class=\"articleText\" style=\"font-family: arial,helvetica,sans-serif; font-size: small;\"> Die Musik der ukrainischen Kkomponistin Anna Korsun<\/span><\/div>\n<div class=\"article\"><span class=\"articleTextSmall\" style=\"font-family: arial,helvetica,sans-serif; font-size: small;\">Meyer, Thomas <\/span><br \/><span style=\"font-family: arial,helvetica,sans-serif; font-size: small;\"> <a class=\"articleTextBold\" href=\"http:\/\/www.musikderzeit.de\/de_DE\/journal\/current\/showarticle,39662.html\"> Interaktion, Energie, Klarheit <\/a> <\/span><br \/><span class=\"articleText\" style=\"font-family: arial,helvetica,sans-serif; font-size: small;\"> Der New Yorker Laptop-Musiker Sam Pluta<\/span><\/div>\n<div class=\"article\"><span class=\"articleText\" style=\"font-family: arial,helvetica,sans-serif; font-size: small;\">\u00a0<\/span><\/div>\n<div class=\"article\">\n<h2 class=\"borderBottom\"><span style=\"font-family: arial,helvetica,sans-serif; font-size: small;\"><strong>Berichte, CDs,B\u00fccher<\/strong><\/span><\/h2>\n<p><span style=\"font-family: arial,helvetica,sans-serif; font-size: small;\"><strong>\u00a0<\/strong><\/span><\/p>\n<p><span style=\"font-family: arial,helvetica,sans-serif; font-size: small;\"><strong>\u00a0<\/strong><\/span><\/p>\n<p><span style=\"font-family: arial,helvetica,sans-serif; font-size: small;\"><strong>\u00a0<\/strong><\/span><\/p>\n<\/p><\/div>\n","protected":false},"excerpt":{"rendered":"<p>\u00a0Gespr\u00e4ch Wagner, Christoph Noten und nicht viel mehr Christian Wolff \u00fcber den Sinn und das Handwerk des Komponierens, sein Verst\u00e4ndnis&#8230;<\/p>\n","protected":false},"author":1,"featured_media":0,"comment_status":"open","ping_status":"open","sticky":false,"template":"","format":"standard","meta":{"footnotes":""},"categories":[10],"tags":[],"class_list":["post-2397","post","type-post","status-publish","format-standard","hentry","category-fachzeitschriften","entry"],"_links":{"self":[{"href":"https:\/\/codexflores.ch\/index.php\/wp-json\/wp\/v2\/posts\/2397","targetHints":{"allow":["GET"]}}],"collection":[{"href":"https:\/\/codexflores.ch\/index.php\/wp-json\/wp\/v2\/posts"}],"about":[{"href":"https:\/\/codexflores.ch\/index.php\/wp-json\/wp\/v2\/types\/post"}],"author":[{"embeddable":true,"href":"https:\/\/codexflores.ch\/index.php\/wp-json\/wp\/v2\/users\/1"}],"replies":[{"embeddable":true,"href":"https:\/\/codexflores.ch\/index.php\/wp-json\/wp\/v2\/comments?post=2397"}],"version-history":[{"count":0,"href":"https:\/\/codexflores.ch\/index.php\/wp-json\/wp\/v2\/posts\/2397\/revisions"}],"wp:attachment":[{"href":"https:\/\/codexflores.ch\/index.php\/wp-json\/wp\/v2\/media?parent=2397"}],"wp:term":[{"taxonomy":"category","embeddable":true,"href":"https:\/\/codexflores.ch\/index.php\/wp-json\/wp\/v2\/categories?post=2397"},{"taxonomy":"post_tag","embeddable":true,"href":"https:\/\/codexflores.ch\/index.php\/wp-json\/wp\/v2\/tags?post=2397"}],"curies":[{"name":"wp","href":"https:\/\/api.w.org\/{rel}","templated":true}]}}