{"id":2399,"date":"2015-06-29T05:51:24","date_gmt":"2015-06-29T05:51:24","guid":{"rendered":"https:\/\/codexflores.ch\/index.php\/2015\/06\/29\/in-bern-kommt-s-im-herbst-zum-urknall\/"},"modified":"2015-06-29T05:51:24","modified_gmt":"2015-06-29T05:51:24","slug":"in-bern-kommt-s-im-herbst-zum-urknall","status":"publish","type":"post","link":"https:\/\/codexflores.ch\/index.php\/2015\/06\/29\/in-bern-kommt-s-im-herbst-zum-urknall\/","title":{"rendered":"In Bern kommt&#8217;s im Herbst zum \u00abUrknall\u00bb"},"content":{"rendered":"<p><span style=\"font-family: arial,helvetica,sans-serif; font-size: small;\">29.06.2015 &#8212; Das Musikfestival Bern l\u00e4dt im September zur Begegnung von Naturwissenschaft und Musik: Martin Jaggis \u00abPlanck\u00bb etwa greift auf Daten zur kosmischen Hintergrundstrahlung zur\u00fcck um f\u00fcnf Ensembles der freien Szene zu einem Klangk\u00f6rper zu fusionieren. Und \u00abRosetta\u00bb verfolgt die Suche nach dem Ursprung des Weltalls von Multiversen und Higgs-Teilchen.<\/span><\/p>\n<p><span style=\"font-family: arial,helvetica,sans-serif; font-size: small;\"><strong>29.06.2015 &#8212; <span style=\"font-family: arial,helvetica,sans-serif; font-size: small;\">Das Musikfestival Bern l\u00e4dt im September zur Begegnung von Naturwissenschaft und Musik: Martin Jaggis \u00abPlanck\u00bb etwa greift auf Daten zur kosmischen Hintergrundstrahlung zur\u00fcck um f\u00fcnf Ensembles der freien Szene zu einem Klangk\u00f6rper zu fusionieren. Und \u00abRosetta\u00bb verfolgt die Suche nach dem Ursprung des Weltalls von Multiversen und Higgs-Teilchen.<\/span><br \/><\/strong><\/span><\/p>\n<p><span style=\"font-family: arial,helvetica,sans-serif; font-size: small;\">\u00a0<\/span><\/p>\n<p><span style=\"font-family: arial,helvetica,sans-serif; font-size: small;\">Der Programmaufbau des diesj\u00e4hrigen Berner Musikfestivals spielt unter dem Motto \u00abUrknall\u00bb mit den heute g\u00e4ngigen kosmologischen Bildern des Big Bang und der Cosmic Expansion: Nachdem an den drei ersten Tagen des Festivals die geballte Energie in verschiedenen Programmen explodiert, so verhalten sich die Konzerte und Performances der zweiten Festivalwoche dazu wie die Bildung von einzelnen Galaxien und Sternen.<\/span><\/p>\n<p><span style=\"font-family: arial,helvetica,sans-serif; font-size: small;\">\u00a0<\/span><\/p>\n<p><span style=\"font-family: arial,helvetica,sans-serif; font-size: small;\">Artists in Residence sind der Schlagzeuger Brian Archinal und das Ensemble This I Ensemble That. Der aus Denver, Colorado (USA) stammende Archinal hat sich seit seinem Abschluss an der Musikhochschule Basel als Solist und Dozent etabliert. Seit 2014 unterrichtet er Schlagzeug an der Hochschule der K\u00fcnste Bern. Dort entsteht unter seiner Leitung ein Ausbildungsgang f\u00fcr experimentelle Interpretationsformen.<\/span><\/p>\n<p><span style=\"font-family: arial,helvetica,sans-serif; font-size: small;\">\u00a0<\/span><\/p>\n<p><span style=\"font-family: arial,helvetica,sans-serif; font-size: small;\">Teil der \u00abUrknall\u00bb-Konzertreihe ist auch das Mad Scientist Festival \u2013 ein internationales Festival f\u00fcr neue Showformate und Kunstprojekte rund um Wissenschaft und Forschung. In Anlehnung an den riesigen Teilchenbeschleuniger im Genfer Kernforschungszentrum Cern wird ein lokaler Club f\u00fcr zehn Tage zu einem \u00abCollider\u00bb umgebaut, in dem Urknallforschung auf spielerische Weise fassbar wird, mit Gespr\u00e4chen und Installationen, einem besonderen Bar-Angebot und einer <span style=\"font-family: arial,helvetica,sans-serif; font-size: small;\">\u00ab<\/span>Scientific Arcade<span style=\"font-family: arial,helvetica,sans-serif; font-size: small;\">\u00bb<\/span>. <em>(cf)<\/em><\/span><\/p>\n<p><span style=\"font-family: arial,helvetica,sans-serif; font-size: small;\"><strong><br \/>Mehr Infos:<\/strong> <a href=\"http:\/\/www.musikfestivalbern.ch\" target=\"_blank\" rel=\"noopener noreferrer\">www.musikfestivalbern.ch<\/a><\/span><\/p>\n<p><span style=\"font-family: arial,helvetica,sans-serif; font-size: small;\">\u00a0<\/span><\/p>\n<p><span style=\"font-family: arial,helvetica,sans-serif; font-size: small;\">\u00a0<\/span><\/p>\n","protected":false},"excerpt":{"rendered":"<p><span style=\"font-family: arial,helvetica,sans-serif; font-size: small;\">29.06.2015 &#8212; Das Musikfestival Bern l\u00e4dt im September zur Begegnung von Naturwissenschaft und Musik: Martin Jaggis \u00abPlanck\u00bb etwa greift auf Daten zur kosmischen Hintergrundstrahlung zur\u00fcck um f\u00fcnf Ensembles der freien Szene zu einem Klangk\u00f6rper zu fusionieren. Und \u00abRosetta\u00bb verfolgt die Suche nach dem Ursprung des Weltalls von Multiversen und Higgs-Teilchen.<\/span><\/p>\n","protected":false},"author":1,"featured_media":0,"comment_status":"open","ping_status":"open","sticky":false,"template":"","format":"standard","meta":{"footnotes":""},"categories":[2],"tags":[],"class_list":["post-2399","post","type-post","status-publish","format-standard","hentry","category-nachrichten","entry"],"_links":{"self":[{"href":"https:\/\/codexflores.ch\/index.php\/wp-json\/wp\/v2\/posts\/2399","targetHints":{"allow":["GET"]}}],"collection":[{"href":"https:\/\/codexflores.ch\/index.php\/wp-json\/wp\/v2\/posts"}],"about":[{"href":"https:\/\/codexflores.ch\/index.php\/wp-json\/wp\/v2\/types\/post"}],"author":[{"embeddable":true,"href":"https:\/\/codexflores.ch\/index.php\/wp-json\/wp\/v2\/users\/1"}],"replies":[{"embeddable":true,"href":"https:\/\/codexflores.ch\/index.php\/wp-json\/wp\/v2\/comments?post=2399"}],"version-history":[{"count":0,"href":"https:\/\/codexflores.ch\/index.php\/wp-json\/wp\/v2\/posts\/2399\/revisions"}],"wp:attachment":[{"href":"https:\/\/codexflores.ch\/index.php\/wp-json\/wp\/v2\/media?parent=2399"}],"wp:term":[{"taxonomy":"category","embeddable":true,"href":"https:\/\/codexflores.ch\/index.php\/wp-json\/wp\/v2\/categories?post=2399"},{"taxonomy":"post_tag","embeddable":true,"href":"https:\/\/codexflores.ch\/index.php\/wp-json\/wp\/v2\/tags?post=2399"}],"curies":[{"name":"wp","href":"https:\/\/api.w.org\/{rel}","templated":true}]}}