{"id":2400,"date":"2015-06-29T06:20:46","date_gmt":"2015-06-29T06:20:46","guid":{"rendered":"https:\/\/codexflores.ch\/index.php\/2015\/06\/29\/schillernder-besetzungswechsel-in-bayreuth\/"},"modified":"2015-06-29T06:20:46","modified_gmt":"2015-06-29T06:20:46","slug":"schillernder-besetzungswechsel-in-bayreuth","status":"publish","type":"post","link":"https:\/\/codexflores.ch\/index.php\/2015\/06\/29\/schillernder-besetzungswechsel-in-bayreuth\/","title":{"rendered":"Schillernder Besetzungswechsel in Bayreuth"},"content":{"rendered":"<p>29.06.2015 &#8212; Die Sopranistin Anja Kampe hat in Bayreuth die Rolle der Isolde abgegeben. Ersetzt wird sie durch Evelyn Herlitzius. Das luxemburgische Fachmagazin <em>Pizzicato<\/em> glaubt zu wissen weshalb.<\/p>\n<p><strong>29.06.2015 &#8212; Die Sopranistin Anja Kampe hat in Bayreuth die Rolle der Isolde abgegeben. Ersetzt wird sie durch Evelyn Herlitzius. Das luxemburgische Fachmagazin <em>Pizzicato<\/em> glaubt zu wissen weshalb.<\/strong><\/p>\n<p>\u00a0<\/p>\n<p>Laut <a href=\"http:\/\/www.pizzicato.lu\/ist-petrenko-fur-thielemann-ein-rotes-tuch\/\" target=\"_blank\" rel=\"noopener noreferrer\"><em>Pizzicato<\/em> <\/a>(das Magazin beruft sich auf den <em>Merkur<\/em>)<a href=\"http:\/\/www.pizzicato.lu\/ist-petrenko-fur-thielemann-ein-rotes-tuch\/\" target=\"_blank\" rel=\"noopener noreferrer\"> <\/a>steckt hinter dem R\u00fcckzug Kampes ein Zusammenstoss mit dem Dirigenten Christian Thielemann. Die Sopranistin solle, so <em>Pizzicato<\/em> weiter, eine Zeitlang eine enge Beziehung zu Kirill Petrenko gehabt haben, der Thielemann bei der Wahl zum neuen Chef der Berliner Philharmoniker ausgestochen habe.<\/p>\n<p>\u00a0<\/p>\n<p>Nachdem sich Petrenko in Bayreuth mit der F\u00fchrung des Festivals \u00fcberworfen habe, sei m\u00f6glicherweise seine gesamte Entourage f\u00fcr Thielemann zum Roten Tuch geworden. Thielemann leitet bei den Bayreuther Festspielen die Auff\u00fchrungen von <em>Tristan und Isolde,<\/em> die unter der Regie von Katharina Wagner pr\u00e4sentiert werden. <em>(cf)<\/em><\/p>\n<p>\u00a0<\/p>\n","protected":false},"excerpt":{"rendered":"<p>29.06.2015 &#8212; Die Sopranistin Anja Kampe hat in Bayreuth die Rolle der Isolde abgegeben. Ersetzt wird sie durch Evelyn Herlitzius. Das luxemburgische Fachmagazin <em>Pizzicato<\/em> glaubt zu wissen weshalb.<\/p>\n","protected":false},"author":1,"featured_media":0,"comment_status":"open","ping_status":"open","sticky":false,"template":"","format":"standard","meta":{"footnotes":""},"categories":[2],"tags":[],"class_list":["post-2400","post","type-post","status-publish","format-standard","hentry","category-nachrichten","entry"],"_links":{"self":[{"href":"https:\/\/codexflores.ch\/index.php\/wp-json\/wp\/v2\/posts\/2400","targetHints":{"allow":["GET"]}}],"collection":[{"href":"https:\/\/codexflores.ch\/index.php\/wp-json\/wp\/v2\/posts"}],"about":[{"href":"https:\/\/codexflores.ch\/index.php\/wp-json\/wp\/v2\/types\/post"}],"author":[{"embeddable":true,"href":"https:\/\/codexflores.ch\/index.php\/wp-json\/wp\/v2\/users\/1"}],"replies":[{"embeddable":true,"href":"https:\/\/codexflores.ch\/index.php\/wp-json\/wp\/v2\/comments?post=2400"}],"version-history":[{"count":0,"href":"https:\/\/codexflores.ch\/index.php\/wp-json\/wp\/v2\/posts\/2400\/revisions"}],"wp:attachment":[{"href":"https:\/\/codexflores.ch\/index.php\/wp-json\/wp\/v2\/media?parent=2400"}],"wp:term":[{"taxonomy":"category","embeddable":true,"href":"https:\/\/codexflores.ch\/index.php\/wp-json\/wp\/v2\/categories?post=2400"},{"taxonomy":"post_tag","embeddable":true,"href":"https:\/\/codexflores.ch\/index.php\/wp-json\/wp\/v2\/tags?post=2400"}],"curies":[{"name":"wp","href":"https:\/\/api.w.org\/{rel}","templated":true}]}}