{"id":2401,"date":"2015-06-30T06:20:32","date_gmt":"2015-06-30T06:20:32","guid":{"rendered":"https:\/\/codexflores.ch\/index.php\/2015\/06\/30\/thielemann-wird-musikdirektor-der-bayreuther-festspiele\/"},"modified":"2015-06-30T06:20:32","modified_gmt":"2015-06-30T06:20:32","slug":"thielemann-wird-musikdirektor-der-bayreuther-festspiele","status":"publish","type":"post","link":"https:\/\/codexflores.ch\/index.php\/2015\/06\/30\/thielemann-wird-musikdirektor-der-bayreuther-festspiele\/","title":{"rendered":"Thielemann wird Musikdirektor der Bayreuther Festspiele"},"content":{"rendered":"<p><span style=\"font-family: arial,helvetica,sans-serif; font-size: small;\">30.06.2015 &#8212; Der Dirigent Christian Thielemann, bislang musikalischer Berater der Festspielleitung, ist von den Bayreuther Festspielen zum Musikdirektor ernannt worden. Welche zus\u00e4tzlichen Kompetenzen mit dem Amt verbunden sind, soll sp\u00e4ter kommuniziert werden.<\/span><\/p>\n<p><span style=\"font-family: arial,helvetica,sans-serif; font-size: small;\"><strong>30.06.2015 &#8212; Der Dirigent Christian Thielemann, bislang musikalischer Berater der Festspielleitung, ist von den Bayreuther Festspielen zum Musikdirektor ernannt worden. Welche zus\u00e4tzlichen Kompetenzen mit dem Amt verbunden sind, soll sp\u00e4ter kommuniziert werden.\u00a0<\/strong><\/span><\/p>\n<p>\u00a0<\/p>\n<p><span style=\"font-family: arial,helvetica,sans-serif; font-size: small;\">Die Festival-Koleiterin Eva Wagner-Pasquier, die laut verschiedenen Meldungen auf dem Gr\u00fcnen H\u00fcgel ein Hausvebot erhalten habe, sei im Haus anwesend und werde ihre Aufgaben bis Ende August wahrnehmen, erkl\u00e4rt der Festival-Sprecher Peter Emmerich gestern. Ab Herbst wird die Festivalleitung aus Eva Wagner-Pasquiers Halbschwester Katharina Wagner und Musikdirektor Christian Thielemann bestehen. <\/span><\/p>\n<p>\u00a0<\/p>\n<p><span style=\"font-family: arial,helvetica,sans-serif; font-size: small;\">Eva Wagner-Pasquier und Katharina Wagner hatten 2008 die Festivalleitung als Zweirerteam \u00fcbernommen, nachdem ihr Vater Wolfgang Wagner das Amt als Festspielleiter niedergelegt hatte. <em>(cf)<\/em><\/span><\/p>\n","protected":false},"excerpt":{"rendered":"<p><span style=\"font-family: arial,helvetica,sans-serif; font-size: small;\">30.06.2015 &#8212; Der Dirigent Christian Thielemann, bislang musikalischer Berater der Festspielleitung, ist von den Bayreuther Festspielen zum Musikdirektor ernannt worden. Welche zus\u00e4tzlichen Kompetenzen mit dem Amt verbunden sind, soll sp\u00e4ter kommuniziert werden.<\/span><\/p>\n","protected":false},"author":1,"featured_media":0,"comment_status":"open","ping_status":"open","sticky":false,"template":"","format":"standard","meta":{"footnotes":""},"categories":[2],"tags":[],"class_list":["post-2401","post","type-post","status-publish","format-standard","hentry","category-nachrichten","entry"],"_links":{"self":[{"href":"https:\/\/codexflores.ch\/index.php\/wp-json\/wp\/v2\/posts\/2401","targetHints":{"allow":["GET"]}}],"collection":[{"href":"https:\/\/codexflores.ch\/index.php\/wp-json\/wp\/v2\/posts"}],"about":[{"href":"https:\/\/codexflores.ch\/index.php\/wp-json\/wp\/v2\/types\/post"}],"author":[{"embeddable":true,"href":"https:\/\/codexflores.ch\/index.php\/wp-json\/wp\/v2\/users\/1"}],"replies":[{"embeddable":true,"href":"https:\/\/codexflores.ch\/index.php\/wp-json\/wp\/v2\/comments?post=2401"}],"version-history":[{"count":0,"href":"https:\/\/codexflores.ch\/index.php\/wp-json\/wp\/v2\/posts\/2401\/revisions"}],"wp:attachment":[{"href":"https:\/\/codexflores.ch\/index.php\/wp-json\/wp\/v2\/media?parent=2401"}],"wp:term":[{"taxonomy":"category","embeddable":true,"href":"https:\/\/codexflores.ch\/index.php\/wp-json\/wp\/v2\/categories?post=2401"},{"taxonomy":"post_tag","embeddable":true,"href":"https:\/\/codexflores.ch\/index.php\/wp-json\/wp\/v2\/tags?post=2401"}],"curies":[{"name":"wp","href":"https:\/\/api.w.org\/{rel}","templated":true}]}}