{"id":2402,"date":"2015-06-30T06:38:05","date_gmt":"2015-06-30T06:38:05","guid":{"rendered":"https:\/\/codexflores.ch\/index.php\/2015\/06\/30\/edo-de-waart-musikalischer-leiter-in-neuseeland\/"},"modified":"2015-06-30T06:38:05","modified_gmt":"2015-06-30T06:38:05","slug":"edo-de-waart-musikalischer-leiter-in-neuseeland","status":"publish","type":"post","link":"https:\/\/codexflores.ch\/index.php\/2015\/06\/30\/edo-de-waart-musikalischer-leiter-in-neuseeland\/","title":{"rendered":"Edo de Waart Musikalischer Leiter in Neuseeland"},"content":{"rendered":"<p><span style=\"font-family: arial,helvetica,sans-serif; font-size: small;\">30.06.2015 &#8212; Edo de Waart, der gegenw\u00e4rtige Chefdirigent der belgischen Royal Flemish Philharmonic, ist vom New Zealand Symphony Orchestra ab 2016 zum Musikalischen Leiter ernannt worden.<\/span><\/p>\n<p><span style=\"font-family: arial,helvetica,sans-serif; font-size: small;\"><strong>30.06.2015 &#8212; Edo de Waart, der gegenw\u00e4rtige Chefdirigent der belgischen Royal Flemish Philharmonic, ist vom New Zealand Symphony Orchestra ab 2016 zum Musikalischen Leiter ernannt worden.\u00a0<\/strong> <\/span><\/p>\n<p>\u00a0<\/p>\n<p><span style=\"font-family: arial,helvetica,sans-serif; font-size: small;\">Neben dem Amt in Belgien bekleidet de Waart den Posten eines Musikalischen Leiters des Milwaukee Symphony Orchestra und des Ehrendirigenten des Netherlands Radio Philharmonic Orchestra. In der Schweiz ist de Waart vor allem mit dem Orchestre de la Suisse Romande verbunden. Im M\u00e4rz dieses Jahres hat er im Grand Th\u00e9\u00e2tre de Gen\u00e8ve Verdis Messa da Requiem dirigiert.<em> (cf)<\/em><\/span><\/p>\n","protected":false},"excerpt":{"rendered":"<p><span style=\"font-family: arial,helvetica,sans-serif; font-size: small;\">30.06.2015 &#8212; Edo de Waart, der gegenw\u00e4rtige Chefdirigent der belgischen Royal Flemish Philharmonic, ist vom New Zealand Symphony Orchestra ab 2016 zum Musikalischen Leiter ernannt worden.<\/span><\/p>\n","protected":false},"author":1,"featured_media":0,"comment_status":"open","ping_status":"open","sticky":false,"template":"","format":"standard","meta":{"footnotes":""},"categories":[2],"tags":[],"class_list":["post-2402","post","type-post","status-publish","format-standard","hentry","category-nachrichten","entry"],"_links":{"self":[{"href":"https:\/\/codexflores.ch\/index.php\/wp-json\/wp\/v2\/posts\/2402","targetHints":{"allow":["GET"]}}],"collection":[{"href":"https:\/\/codexflores.ch\/index.php\/wp-json\/wp\/v2\/posts"}],"about":[{"href":"https:\/\/codexflores.ch\/index.php\/wp-json\/wp\/v2\/types\/post"}],"author":[{"embeddable":true,"href":"https:\/\/codexflores.ch\/index.php\/wp-json\/wp\/v2\/users\/1"}],"replies":[{"embeddable":true,"href":"https:\/\/codexflores.ch\/index.php\/wp-json\/wp\/v2\/comments?post=2402"}],"version-history":[{"count":0,"href":"https:\/\/codexflores.ch\/index.php\/wp-json\/wp\/v2\/posts\/2402\/revisions"}],"wp:attachment":[{"href":"https:\/\/codexflores.ch\/index.php\/wp-json\/wp\/v2\/media?parent=2402"}],"wp:term":[{"taxonomy":"category","embeddable":true,"href":"https:\/\/codexflores.ch\/index.php\/wp-json\/wp\/v2\/categories?post=2402"},{"taxonomy":"post_tag","embeddable":true,"href":"https:\/\/codexflores.ch\/index.php\/wp-json\/wp\/v2\/tags?post=2402"}],"curies":[{"name":"wp","href":"https:\/\/api.w.org\/{rel}","templated":true}]}}