{"id":2403,"date":"2015-06-30T10:14:03","date_gmt":"2015-06-30T10:14:03","guid":{"rendered":"https:\/\/codexflores.ch\/index.php\/2015\/06\/30\/bolton-chefdirigent-des-sinfonieorchesters-basel\/"},"modified":"2015-06-30T10:14:03","modified_gmt":"2015-06-30T10:14:03","slug":"bolton-chefdirigent-des-sinfonieorchesters-basel","status":"publish","type":"post","link":"https:\/\/codexflores.ch\/index.php\/2015\/06\/30\/bolton-chefdirigent-des-sinfonieorchesters-basel\/","title":{"rendered":"Bolton Chefdirigent des Sinfonieorchesters Basel"},"content":{"rendered":"<p><span style=\"font-family: arial,helvetica,sans-serif; font-size: small;\">30.06.2015 &#8212; Ivor Bolton wird Musikdirektor und Chefdirigent des Sinfonieorchesters Basel. Der Vertrag l\u00e4uft vorerst bis Ende der Spielzeit 2019\/2020. Er wird das Orchester bereits in der kommenden Saison als designierter Chef dirigieren.<\/span><\/p>\n<p><span style=\"font-family: arial,helvetica,sans-serif; font-size: small;\"><strong>30.06.2015 &#8212; Ivor Bolton wird Musikdirektor und Chefdirigent des Sinfonieorchesters Basel. Der Vertrag l\u00e4uft vorerst bis Ende der Spielzeit 2019\/2020. Er wird das Orchester bereits in der kommenden Saison als designierter Chef dirigieren.<\/strong><\/span><\/p>\n<p><span style=\"font-family: arial,helvetica,sans-serif; font-size: small;\">\u00a0<\/span><\/p>\n<p><span style=\"font-family: arial,helvetica,sans-serif; font-size: small;\">Bolton wurde 2004 Chefdirigent des Mozarteumorchesters Salzburg, das er nach 14 Jahren erfolgreicher Zusammenarbeit Ende der kommenden Saison verlassen wird. Ab September 2015 wird er die Position des Musikdirektors am Teatro Real in Madrid \u00fcbernehmen. Er wird ausserdem regelm\u00e4ssig zu Festivals wie der Glyndebourne Festival Opera, den BBC Proms oder dem Festival d\u2018 Aix-en-Provence eingeladen.<\/span><\/p>\n<p><span style=\"font-size: small; font-family: arial,helvetica,sans-serif;\">\u00a0<\/span><\/p>\n<p><span style=\"font-family: arial,helvetica,sans-serif; font-size: small;\">Der polnische Dirigent Micha\u0142 Nesterowicz \u2013 er hat 2008 den europ\u00e4ischen Dirigentenwettbewerb des Cadaqu\u00e9s Orchesters gewonnen \u2013 wird 1. Gastdirigent des Orchesters. In Basel wird er sich laut der Mitteilung des Orchesters k\u00fcnftig verst\u00e4rkt dem osteurop\u00e4ischen Repertoire und der Musik der Moderne widmen. <em> (cf)<\/em><\/span><\/p>\n<p>\u00a0<\/p>\n","protected":false},"excerpt":{"rendered":"<p><span style=\"font-family: arial,helvetica,sans-serif; font-size: small;\">30.06.2015 &#8212; Ivor Bolton wird Musikdirektor und Chefdirigent des Sinfonieorchesters Basel. Der Vertrag l\u00e4uft vorerst bis Ende der Spielzeit 2019\/2020. Er wird das Orchester bereits in der kommenden Saison als designierter Chef dirigieren.<\/span><\/p>\n","protected":false},"author":1,"featured_media":0,"comment_status":"open","ping_status":"open","sticky":false,"template":"","format":"standard","meta":{"footnotes":""},"categories":[2],"tags":[],"class_list":["post-2403","post","type-post","status-publish","format-standard","hentry","category-nachrichten","entry"],"_links":{"self":[{"href":"https:\/\/codexflores.ch\/index.php\/wp-json\/wp\/v2\/posts\/2403","targetHints":{"allow":["GET"]}}],"collection":[{"href":"https:\/\/codexflores.ch\/index.php\/wp-json\/wp\/v2\/posts"}],"about":[{"href":"https:\/\/codexflores.ch\/index.php\/wp-json\/wp\/v2\/types\/post"}],"author":[{"embeddable":true,"href":"https:\/\/codexflores.ch\/index.php\/wp-json\/wp\/v2\/users\/1"}],"replies":[{"embeddable":true,"href":"https:\/\/codexflores.ch\/index.php\/wp-json\/wp\/v2\/comments?post=2403"}],"version-history":[{"count":0,"href":"https:\/\/codexflores.ch\/index.php\/wp-json\/wp\/v2\/posts\/2403\/revisions"}],"wp:attachment":[{"href":"https:\/\/codexflores.ch\/index.php\/wp-json\/wp\/v2\/media?parent=2403"}],"wp:term":[{"taxonomy":"category","embeddable":true,"href":"https:\/\/codexflores.ch\/index.php\/wp-json\/wp\/v2\/categories?post=2403"},{"taxonomy":"post_tag","embeddable":true,"href":"https:\/\/codexflores.ch\/index.php\/wp-json\/wp\/v2\/tags?post=2403"}],"curies":[{"name":"wp","href":"https:\/\/api.w.org\/{rel}","templated":true}]}}