{"id":2404,"date":"2015-07-01T05:37:20","date_gmt":"2015-07-01T05:37:20","guid":{"rendered":"https:\/\/codexflores.ch\/index.php\/2015\/07\/01\/saisonbilanz-des-kammerorchesters-basel\/"},"modified":"2015-07-01T05:37:20","modified_gmt":"2015-07-01T05:37:20","slug":"saisonbilanz-des-kammerorchesters-basel","status":"publish","type":"post","link":"https:\/\/codexflores.ch\/index.php\/2015\/07\/01\/saisonbilanz-des-kammerorchesters-basel\/","title":{"rendered":"Saisonbilanz des Kammerorchesters Basel"},"content":{"rendered":"<p><span style=\"font-family: arial,helvetica,sans-serif; font-size: small;\">01.07.2015 &#8212; Das Kammerorchester Basel hat im Vergleich zum Vorjahr in der nun zu Ende gegangenen Saison \u00fcber 40 Prozent mehr Eintritte gez\u00e4hlt. Die Zahl der Abonnenten ist um 10 Prozent gewachsen. Auf Ende des Gesch\u00e4ftsjahres erwartet das Ensemble eine ausgeglichene Bilanz.<\/span><\/p>\n<p><span style=\"font-family: arial,helvetica,sans-serif; font-size: small;\"><strong>01.07.2015 &#8212; Das Kammerorchester Basel hat im Vergleich zum Vorjahr in der nun zu Ende gegangenen Saison \u00fcber 40 Prozent mehr Eintritte gez\u00e4hlt. Die Zahl der Abonnenten ist um 10 Prozent gewachsen. Auf Ende des Gesch\u00e4ftsjahres erwartet das Ensemble eine ausgeglichene Bilanz.<\/strong><\/span><\/p>\n<p>\u00a0<\/p>\n<p><span style=\"font-family: arial,helvetica,sans-serif; font-size: small;\">Etwa 12&#8217;000 Musikliebhaber in Basel besuchten die Abonnements-, Nachtklang-, Lunch-, Kinder- und Education-Konzerte des Kammerorchester Basel in der Saison 2014\/15. Ann\u00e4hernd oder vollst\u00e4ndig ausverkauft waren vor allem die drei Barock-Programme, Bachs \u00abWeihnachtsoratorium\u00bb, Violinkonzerte von Vivaldi mit Giuliano Carmignola und Arien und geistliche Werke von Georg Friedrich H\u00e4ndel mit Julia Lezhneva.\u00a0 <\/span><\/p>\n<p>\u00a0<\/p>\n<p><span style=\"font-family: arial,helvetica,sans-serif; font-size: small;\">Ausserhalb Basels erreichte das Kammerorchester Basel bei \u00fcber 65 Konzerten in der Schweiz und international ann\u00e4hernd 60&#8217;000 Besucherinnen und Besucher. Das Ensemble gastierte unter anderem in Z\u00fcrich, Luzern, Amsterdam, Paris, Istanbul, Wien, Madrid, Versailles und Berlin. F\u00fcnf Konzerte mit insgesamt 8300 Zuh\u00f6rerinnen und Zuh\u00f6rern absolvierte es im Herbst vergangenen Jahres in S\u00fcdamerika \u2013 mit Giovanni Antonini und der Cellistin Sol Gabetta. <\/span><\/p>\n<p><span style=\"font-family: arial,helvetica,sans-serif; font-size: small;\">\u00a0<\/span><\/p>\n<p><span style=\"font-family: arial,helvetica,sans-serif; font-size: small;\">In der Vermittlung hat das Orchester unter der Regie der Basler Musiktheaterp\u00e4dagogin Salom\u00e9 Im Hof in 20 Klassenzimmern in Basel-Stadt und Baselland das neue Format \u00abKlassenzimmerst\u00fcck\u00bb zur Auff\u00fchrung gebracht. Das St\u00fcck habe \u00abden Nerv der Kinder und Jugendlichen in hohem Masse\u00bb getroffen, schreibt das Kammerorchester Basel.<em> (cf)<\/em><\/span><\/p>\n","protected":false},"excerpt":{"rendered":"<p><span style=\"font-family: arial,helvetica,sans-serif; font-size: small;\">01.07.2015 &#8212; Das Kammerorchester Basel hat im Vergleich zum Vorjahr in der nun zu Ende gegangenen Saison \u00fcber 40 Prozent mehr Eintritte gez\u00e4hlt. Die Zahl der Abonnenten ist um 10 Prozent gewachsen. Auf Ende des Gesch\u00e4ftsjahres erwartet das Ensemble eine ausgeglichene Bilanz.<\/span><\/p>\n","protected":false},"author":1,"featured_media":0,"comment_status":"open","ping_status":"open","sticky":false,"template":"","format":"standard","meta":{"footnotes":""},"categories":[2],"tags":[],"class_list":["post-2404","post","type-post","status-publish","format-standard","hentry","category-nachrichten","entry"],"_links":{"self":[{"href":"https:\/\/codexflores.ch\/index.php\/wp-json\/wp\/v2\/posts\/2404","targetHints":{"allow":["GET"]}}],"collection":[{"href":"https:\/\/codexflores.ch\/index.php\/wp-json\/wp\/v2\/posts"}],"about":[{"href":"https:\/\/codexflores.ch\/index.php\/wp-json\/wp\/v2\/types\/post"}],"author":[{"embeddable":true,"href":"https:\/\/codexflores.ch\/index.php\/wp-json\/wp\/v2\/users\/1"}],"replies":[{"embeddable":true,"href":"https:\/\/codexflores.ch\/index.php\/wp-json\/wp\/v2\/comments?post=2404"}],"version-history":[{"count":0,"href":"https:\/\/codexflores.ch\/index.php\/wp-json\/wp\/v2\/posts\/2404\/revisions"}],"wp:attachment":[{"href":"https:\/\/codexflores.ch\/index.php\/wp-json\/wp\/v2\/media?parent=2404"}],"wp:term":[{"taxonomy":"category","embeddable":true,"href":"https:\/\/codexflores.ch\/index.php\/wp-json\/wp\/v2\/categories?post=2404"},{"taxonomy":"post_tag","embeddable":true,"href":"https:\/\/codexflores.ch\/index.php\/wp-json\/wp\/v2\/tags?post=2404"}],"curies":[{"name":"wp","href":"https:\/\/api.w.org\/{rel}","templated":true}]}}