{"id":2406,"date":"2015-07-02T05:38:52","date_gmt":"2015-07-02T05:38:52","guid":{"rendered":"https:\/\/codexflores.ch\/index.php\/2015\/07\/02\/plattform-fuer-musiktalente-europas\/"},"modified":"2015-07-02T05:38:52","modified_gmt":"2015-07-02T05:38:52","slug":"plattform-fuer-musiktalente-europas","status":"publish","type":"post","link":"https:\/\/codexflores.ch\/index.php\/2015\/07\/02\/plattform-fuer-musiktalente-europas\/","title":{"rendered":"Plattform f\u00fcr Musiktalente Europas"},"content":{"rendered":"<p><span style=\"font-family: arial,helvetica,sans-serif; font-size: small;\">02.07.2015 &#8212; Music in Europe initiiert mit European Music Talents eine nicht kommerzielle Plattform zur gemeinsamen, transnationalen Vorstellung, Pr\u00e4sentation und Sichtbarmachung von herausragenden Musiktalenten Europas und zur F\u00f6rderung ihrer Mobilit\u00e4t.<\/span><\/p>\n<p><span style=\"font-family: arial,helvetica,sans-serif; font-size: small;\"><strong>02.07.2015 &#8212; Music in Europe initiiert mit European Music Talents eine nicht kommerzielle Plattform zur gemeinsamen, transnationalen Vorstellung, Pr\u00e4sentation und Sichtbarmachung von herausragenden Musiktalenten Europas und zur F\u00f6rderung ihrer Mobilit\u00e4t.\u00a0<\/strong><\/span><\/p>\n<p><span style=\"font-family: arial,helvetica,sans-serif; font-size: small;\">\u00a0<\/span><\/p>\n<p><span style=\"font-family: arial,helvetica,sans-serif; font-size: small;\">European Music Talents soll als \u00abeurop\u00e4isches Label f\u00fcr herausragende Nachwuchsk\u00fcnstler sowie als sichtbares Bekenntnis der teilnehmenden Musikorganisationen zur Nachwuchsf\u00f6rderung\u00bb etabliert werden.<\/span><\/p>\n<p><span style=\"font-family: arial,helvetica,sans-serif; font-size: small;\">\u00a0<\/span><\/p>\n<p><span style=\"font-family: arial,helvetica,sans-serif; font-size: small;\">Nominiert werden die European Music Talents von europ\u00e4ischen Festivals, Konzerth\u00e4usern, Konzertveranstaltern, Orchestern, Opernh\u00e4usern, Wettbewerben, Instituten von Konservatorien, Musikhochschulen und Musikuniversit\u00e4ten, sowie von ausgew\u00e4hlten gemeinn\u00fctzigen Musikinstitutionen aus dem Bereich der klassischen Musik.<\/span><\/p>\n<p><span style=\"font-family: arial,helvetica,sans-serif; font-size: small;\">\u00a0<\/span><\/p>\n<p><span style=\"font-family: arial,helvetica,sans-serif; font-size: small;\">Die ausgew\u00e4hlten Talente werden in Einzelportr\u00e4ts auf der Website pr\u00e4sentiert sowie in Interviews und Reportagen durch Newsletter und andere Publikationen der Plattform vorgestellt. Sie werden in der Planung und Umsetzung ihrer internationalen Karriere unterst\u00fctzt. <em>(cf)<\/em><\/span><\/p>\n<p><span style=\"font-family: arial,helvetica,sans-serif; font-size: small;\"><strong><br \/>Mehr Infos: <\/strong><a href=\"http:\/\/www.europeanmusictalents.eu\" target=\"_blank\" rel=\"noopener noreferrer\">www.europeanmusictalents.eu<\/a><\/span><\/p>\n<p>\u00a0<\/p>\n","protected":false},"excerpt":{"rendered":"<p><span style=\"font-family: arial,helvetica,sans-serif; font-size: small;\">02.07.2015 &#8212; Music in Europe initiiert mit European Music Talents eine nicht kommerzielle Plattform zur gemeinsamen, transnationalen Vorstellung, Pr\u00e4sentation und Sichtbarmachung von herausragenden Musiktalenten Europas und zur F\u00f6rderung ihrer Mobilit\u00e4t.<\/span><\/p>\n","protected":false},"author":1,"featured_media":0,"comment_status":"open","ping_status":"open","sticky":false,"template":"","format":"standard","meta":{"footnotes":""},"categories":[2],"tags":[],"class_list":["post-2406","post","type-post","status-publish","format-standard","hentry","category-nachrichten","entry"],"_links":{"self":[{"href":"https:\/\/codexflores.ch\/index.php\/wp-json\/wp\/v2\/posts\/2406","targetHints":{"allow":["GET"]}}],"collection":[{"href":"https:\/\/codexflores.ch\/index.php\/wp-json\/wp\/v2\/posts"}],"about":[{"href":"https:\/\/codexflores.ch\/index.php\/wp-json\/wp\/v2\/types\/post"}],"author":[{"embeddable":true,"href":"https:\/\/codexflores.ch\/index.php\/wp-json\/wp\/v2\/users\/1"}],"replies":[{"embeddable":true,"href":"https:\/\/codexflores.ch\/index.php\/wp-json\/wp\/v2\/comments?post=2406"}],"version-history":[{"count":0,"href":"https:\/\/codexflores.ch\/index.php\/wp-json\/wp\/v2\/posts\/2406\/revisions"}],"wp:attachment":[{"href":"https:\/\/codexflores.ch\/index.php\/wp-json\/wp\/v2\/media?parent=2406"}],"wp:term":[{"taxonomy":"category","embeddable":true,"href":"https:\/\/codexflores.ch\/index.php\/wp-json\/wp\/v2\/categories?post=2406"},{"taxonomy":"post_tag","embeddable":true,"href":"https:\/\/codexflores.ch\/index.php\/wp-json\/wp\/v2\/tags?post=2406"}],"curies":[{"name":"wp","href":"https:\/\/api.w.org\/{rel}","templated":true}]}}