{"id":2408,"date":"2015-07-02T06:24:21","date_gmt":"2015-07-02T06:24:21","guid":{"rendered":"https:\/\/codexflores.ch\/index.php\/2015\/07\/02\/argerich-sagt-konzerte-in-schleswig-holstein-ab\/"},"modified":"2015-07-02T06:24:21","modified_gmt":"2015-07-02T06:24:21","slug":"argerich-sagt-konzerte-in-schleswig-holstein-ab","status":"publish","type":"post","link":"https:\/\/codexflores.ch\/index.php\/2015\/07\/02\/argerich-sagt-konzerte-in-schleswig-holstein-ab\/","title":{"rendered":"Argerich sagt Konzerte in Schleswig-Holstein ab"},"content":{"rendered":"<p><span style=\"font-family: arial,helvetica,sans-serif; font-size: small;\">02.07.2015 &#8212; Die Pianstin Martha Argerich hat ihre Auftritte am Schleswig-Holstein Musik Festival abgesagt. \u00abPers\u00f6nliche Gr\u00fcnde\u00bb veranlassten sie, in ihrer Heimat Argentinien zu sein.<\/span><\/p>\n<p>\u00a0<\/p>\n<p><span style=\"font-family: arial,helvetica,sans-serif; font-size: small;\"><strong>02.07.2015 &#8212; Die Pianstin Martha Argerich hat ihre Auftritte am Schleswig-Holstein Musik Festival abgesagt. \u00abPers\u00f6nliche Gr\u00fcnde\u00bb veranlassten sie, in ihrer Heimat Argentinien zu sein.<\/strong><\/span><\/p>\n<p>\u00a0<\/p>\n<p><span style=\"font-family: arial,helvetica,sans-serif; font-size: small;\">Die Absagen betreffen die gemeinsamen Auftritte mit der Pianistin Lilya Zilberstein vom 14. Juli und 15. Juli. Sie werden ersatzlos gestrichen. In Argentinen tritt die Pianistin allerdings am 17. Juli auf, wie der <em><a href=\"http:\/\/buenosairesherald.com\/article\/192910\/martha-argerich-to-play-at-the-cck-in-two-weeks\" target=\"_blank\" rel=\"noopener noreferrer\">Buenos Aires Herald<\/a><\/em> schreibt. Sie gibt laut einer Ank\u00fcndigung des argentinischen Kulturministeriums im\u00a0<span class=\"st\">Centro Cultural N\u00e9stor Kirchner<\/span> ein Gratiskonzert, das sie eigentlich bereits am 27. Mai h\u00e4tte geben sollen, aber schliesslich absagte.<\/span><\/p>\n<p><span style=\"font-family: arial,helvetica,sans-serif; font-size: small;\">\u00a0<\/span><\/p>\n<p><span style=\"font-family: arial,helvetica,sans-serif; font-size: small;\"> In Sozialen Medien kursierten Angaben \u00fcber eine mutmassliche Kompensation von 25 Millionen Peso (2,5 Millionen Franken) f\u00fcr Argerich f\u00fcr zehn Konzerte im Centro, nachdem das Kulturministerium angegeben hatte, die ganze Konzertreihe koste bloss 6 Millionen Peso. Argerich war laut <em>Buenos Aires Herald<\/em> schockiert \u00fcber die Aggressivit\u00e4t der Kommentare in den Sozialen Medien.<\/span><\/p>\n<p><span style=\"font-family: arial,helvetica,sans-serif; font-size: small;\">\u00a0<\/span><\/p>\n<p><span style=\"font-family: arial,helvetica,sans-serif; font-size: small;\">Die Angaben k\u00f6nnten nicht stimmen, so eine Kennerin Argerichs laut dem Artikel weiter, weil Argerich, die sich gerne die Option einer Konzertabsage offenlasse, Vertr\u00e4ge bloss kurz vor Auftritten unterzeichne.\u00a0 <em>(cf)<\/em><\/span><\/p>\n<p>\u00a0<\/p>\n","protected":false},"excerpt":{"rendered":"<p><span style=\"font-family: arial,helvetica,sans-serif; font-size: small;\">02.07.2015 &#8212; Die Pianstin Martha Argerich hat ihre Auftritte am Schleswig-Holstein Musik Festival abgesagt. \u00abPers\u00f6nliche Gr\u00fcnde\u00bb veranlassten sie, in ihrer Heimat Argentinien zu sein.<\/span><\/p>\n","protected":false},"author":1,"featured_media":0,"comment_status":"open","ping_status":"open","sticky":false,"template":"","format":"standard","meta":{"footnotes":""},"categories":[2],"tags":[],"class_list":["post-2408","post","type-post","status-publish","format-standard","hentry","category-nachrichten","entry"],"_links":{"self":[{"href":"https:\/\/codexflores.ch\/index.php\/wp-json\/wp\/v2\/posts\/2408","targetHints":{"allow":["GET"]}}],"collection":[{"href":"https:\/\/codexflores.ch\/index.php\/wp-json\/wp\/v2\/posts"}],"about":[{"href":"https:\/\/codexflores.ch\/index.php\/wp-json\/wp\/v2\/types\/post"}],"author":[{"embeddable":true,"href":"https:\/\/codexflores.ch\/index.php\/wp-json\/wp\/v2\/users\/1"}],"replies":[{"embeddable":true,"href":"https:\/\/codexflores.ch\/index.php\/wp-json\/wp\/v2\/comments?post=2408"}],"version-history":[{"count":0,"href":"https:\/\/codexflores.ch\/index.php\/wp-json\/wp\/v2\/posts\/2408\/revisions"}],"wp:attachment":[{"href":"https:\/\/codexflores.ch\/index.php\/wp-json\/wp\/v2\/media?parent=2408"}],"wp:term":[{"taxonomy":"category","embeddable":true,"href":"https:\/\/codexflores.ch\/index.php\/wp-json\/wp\/v2\/categories?post=2408"},{"taxonomy":"post_tag","embeddable":true,"href":"https:\/\/codexflores.ch\/index.php\/wp-json\/wp\/v2\/tags?post=2408"}],"curies":[{"name":"wp","href":"https:\/\/api.w.org\/{rel}","templated":true}]}}