{"id":2409,"date":"2015-07-02T14:49:23","date_gmt":"2015-07-02T14:49:23","guid":{"rendered":"https:\/\/codexflores.ch\/index.php\/2015\/07\/02\/theiler-intendant-der-saechsischen-staatsoper-dresden\/"},"modified":"2015-07-02T14:49:23","modified_gmt":"2015-07-02T14:49:23","slug":"theiler-intendant-der-saechsischen-staatsoper-dresden","status":"publish","type":"post","link":"https:\/\/codexflores.ch\/index.php\/2015\/07\/02\/theiler-intendant-der-saechsischen-staatsoper-dresden\/","title":{"rendered":"Theiler Intendant der S\u00e4chsischen Staatsoper Dresden"},"content":{"rendered":"<p><span style=\"font-family: arial,helvetica,sans-serif; font-size: small;\">02.07.2015 &#8212; Der Schweizer Peter Theiler, der fr\u00fchere Direktor des St\u00e4dtebundtheaters Biel-Solothurn, wird Intendant der S\u00e4chsischen Staatsoper Dresden. Er wechselt vom Staatstheater N\u00fcrnberg, wo er derzeit als Staatsintendant t\u00e4tig ist, in die s\u00e4chsische Landeshauptstadt.<\/span><\/p>\n<p>\u00a0<\/p>\n<p><span style=\"font-family: arial,helvetica,sans-serif; font-size: small;\"><strong>02.07.2015 &#8212; Der Schweizer Peter Theiler, der fr\u00fchere Direktor des St\u00e4dtebundtheaters Biel-Solothurn, wird Intendant der S\u00e4chsischen Staatsoper Dresden. Er wechselt vom Staatstheater N\u00fcrnberg, wo er derzeit als Staatsintendant t\u00e4tig ist, in die s\u00e4chsische Landeshauptstadt.<\/strong><\/span><\/p>\n<p>\u00a0<\/p>\n<p><span style=\"font-family: arial,helvetica,sans-serif; font-size: small;\">Der 59-J\u00e4hrige wird sein Amt in Dresden mit der Spielzeit 2018\/2019 antreten. Theiler hat in vielen Theatern und Opern der Schweiz, Frankreichs und Deutschland in verschiedenen Funktionen gearbeitet \u2013 viele Jahre davon auch als Intendant. So war er als Regieassistent am Grand Th\u00e9\u00e2tre de Gen\u00e8ve besch\u00e4ftigt, und 1996 bis 1997 amtete er als Direktor des St\u00e4dtebundtheaters Biel-Solothurn.<\/span><\/p>\n<p>\u00a0<\/p>\n<p><span style=\"font-family: arial,helvetica,sans-serif; font-size: small;\">Nachdem die einstige Opern-Intendantin Ulrike Hessler 2012 verstorben war, h\u00e4tte zun\u00e4chst Serge Dorny das Amt in Dresden \u00fcbernehmen sollen. Wegen \u00abUnstimmigkeiten im Vorfeld seines Amtsantritts\u00bb wurde laut Staatsoper der Vertrag mit Dorny aber wieder gek\u00fcndigt. Bis Peter Theiler mit Spielzeitbeginn 2018 an die Semperoper kommt, wird Wolfgang Rothe, Kaufm\u00e4nnischer Gesch\u00e4ftsf\u00fchrer der Staatstheater Dresden, weiterhin als kommissarischer Intendant mit dem Team der k\u00fcnstlerischen Direktion die Semperoper leiten. <em>(cf)<\/em><\/span><\/p>\n<p>\u00a0<\/p>\n","protected":false},"excerpt":{"rendered":"<p><span style=\"font-family: arial,helvetica,sans-serif; font-size: small;\">02.07.2015 &#8212; Der Schweizer Peter Theiler, der fr\u00fchere Direktor des St\u00e4dtebundtheaters Biel-Solothurn, wird Intendant der S\u00e4chsischen Staatsoper Dresden. Er wechselt vom Staatstheater N\u00fcrnberg, wo er derzeit als Staatsintendant t\u00e4tig ist, in die s\u00e4chsische Landeshauptstadt.<\/span><\/p>\n","protected":false},"author":1,"featured_media":0,"comment_status":"open","ping_status":"open","sticky":false,"template":"","format":"standard","meta":{"footnotes":""},"categories":[2],"tags":[],"class_list":["post-2409","post","type-post","status-publish","format-standard","hentry","category-nachrichten","entry"],"_links":{"self":[{"href":"https:\/\/codexflores.ch\/index.php\/wp-json\/wp\/v2\/posts\/2409","targetHints":{"allow":["GET"]}}],"collection":[{"href":"https:\/\/codexflores.ch\/index.php\/wp-json\/wp\/v2\/posts"}],"about":[{"href":"https:\/\/codexflores.ch\/index.php\/wp-json\/wp\/v2\/types\/post"}],"author":[{"embeddable":true,"href":"https:\/\/codexflores.ch\/index.php\/wp-json\/wp\/v2\/users\/1"}],"replies":[{"embeddable":true,"href":"https:\/\/codexflores.ch\/index.php\/wp-json\/wp\/v2\/comments?post=2409"}],"version-history":[{"count":0,"href":"https:\/\/codexflores.ch\/index.php\/wp-json\/wp\/v2\/posts\/2409\/revisions"}],"wp:attachment":[{"href":"https:\/\/codexflores.ch\/index.php\/wp-json\/wp\/v2\/media?parent=2409"}],"wp:term":[{"taxonomy":"category","embeddable":true,"href":"https:\/\/codexflores.ch\/index.php\/wp-json\/wp\/v2\/categories?post=2409"},{"taxonomy":"post_tag","embeddable":true,"href":"https:\/\/codexflores.ch\/index.php\/wp-json\/wp\/v2\/tags?post=2409"}],"curies":[{"name":"wp","href":"https:\/\/api.w.org\/{rel}","templated":true}]}}