{"id":2410,"date":"2015-07-03T05:59:08","date_gmt":"2015-07-03T05:59:08","guid":{"rendered":"https:\/\/codexflores.ch\/index.php\/2015\/07\/03\/10-europaeischer-suzuki-kongress-in-davos\/"},"modified":"2015-07-03T05:59:08","modified_gmt":"2015-07-03T05:59:08","slug":"10-europaeischer-suzuki-kongress-in-davos","status":"publish","type":"post","link":"https:\/\/codexflores.ch\/index.php\/2015\/07\/03\/10-europaeischer-suzuki-kongress-in-davos\/","title":{"rendered":"10. Europ\u00e4ischer Suzuki Kongress in Davos"},"content":{"rendered":"<p><span style=\"font-family: arial,helvetica,sans-serif; font-size: small;\">03.07.2015 &#8212; Vom 14. bis 19. Juli 2015 findet in Davos der 10. Europ\u00e4ische Suzuki Kongress f\u00fcr junge Musikerinnen und Musiker statt. Erwartet werden \u00fcber 650 musikbegeisterte Jugendliche aus 31 L\u00e4ndern.<\/span><\/p>\n<p>\u00a0<\/p>\n<p><span style=\"font-family: arial,helvetica,sans-serif; font-size: small;\"><strong>03.07.2015 &#8212; Vom 14. bis 19. Juli 2015 findet in Davos der 10. Europ\u00e4ische Suzuki Kongress f\u00fcr junge Musikerinnen und Musiker statt. Erwartet werden \u00fcber 650 musikbegeisterte Jugendliche aus 31 L\u00e4ndern.<\/strong><\/span><\/p>\n<p>\u00a0<\/p>\n<p><span style=\"font-family: arial,helvetica,sans-serif; font-size: small;\">Die Teilnehmer stammen unter anderem aus Belgien, China, Deutschland, Estland, Spanien, Taiwan und auch aus der Schweiz. Eine der gr\u00f6ssten Gruppen mit 50 Musiksch\u00fclern und ihren Begleitpersonen reist extra aus Kanada an.<\/span><\/p>\n<p><span style=\"font-family: arial,helvetica,sans-serif; font-size: small;\">\u00a0<\/span><\/p>\n<p><span style=\"font-family: arial,helvetica,sans-serif; font-size: small;\">F\u00fcr die Weiterbildung der Jugendlichen sind in dieser Woche 200 Suzuki-Lehrer in Davos. Den fortgeschrittenen Sch\u00fclerinnen und Sch\u00fclern werden Masterclasses angeboten. Die Cello-Klasse leitet Beni Santora, ehemaliger Solo-Cellist in M\u00fcnchen, und die Klasse f\u00fcr Geige wird von Brian Lewis und Dan Dery aus den USA gef\u00fchrt. Das Orchester, das w\u00e4hrend der Musikwoche in Davos gebildet wird, dirigiert Mischa Santora, der viele grosse Orchester in Amerika, Asien und Europa geleitet hat. <em>(cf)<\/em><\/span><\/p>\n<p><span style=\"font-family: arial,helvetica,sans-serif; font-size: small;\"><em><\/p>\n<p><\/em><strong>Mehr Infos:<\/strong> <a href=\"http:\/\/www.suzukidavos.org\" target=\"_blank\" rel=\"noopener noreferrer\">www.suzukidavos.org<\/a><em><br \/><\/em><\/span><\/p>\n<p>\u00a0<\/p>\n","protected":false},"excerpt":{"rendered":"<p><span style=\"font-family: arial,helvetica,sans-serif; font-size: small;\">03.07.2015 &#8212; Vom 14. bis 19. Juli 2015 findet in Davos der 10. Europ\u00e4ische Suzuki Kongress f\u00fcr junge Musikerinnen und Musiker statt. Erwartet werden \u00fcber 650 musikbegeisterte Jugendliche aus 31 L\u00e4ndern.<\/span><\/p>\n","protected":false},"author":1,"featured_media":0,"comment_status":"open","ping_status":"open","sticky":false,"template":"","format":"standard","meta":{"footnotes":""},"categories":[2],"tags":[],"class_list":["post-2410","post","type-post","status-publish","format-standard","hentry","category-nachrichten","entry"],"_links":{"self":[{"href":"https:\/\/codexflores.ch\/index.php\/wp-json\/wp\/v2\/posts\/2410","targetHints":{"allow":["GET"]}}],"collection":[{"href":"https:\/\/codexflores.ch\/index.php\/wp-json\/wp\/v2\/posts"}],"about":[{"href":"https:\/\/codexflores.ch\/index.php\/wp-json\/wp\/v2\/types\/post"}],"author":[{"embeddable":true,"href":"https:\/\/codexflores.ch\/index.php\/wp-json\/wp\/v2\/users\/1"}],"replies":[{"embeddable":true,"href":"https:\/\/codexflores.ch\/index.php\/wp-json\/wp\/v2\/comments?post=2410"}],"version-history":[{"count":0,"href":"https:\/\/codexflores.ch\/index.php\/wp-json\/wp\/v2\/posts\/2410\/revisions"}],"wp:attachment":[{"href":"https:\/\/codexflores.ch\/index.php\/wp-json\/wp\/v2\/media?parent=2410"}],"wp:term":[{"taxonomy":"category","embeddable":true,"href":"https:\/\/codexflores.ch\/index.php\/wp-json\/wp\/v2\/categories?post=2410"},{"taxonomy":"post_tag","embeddable":true,"href":"https:\/\/codexflores.ch\/index.php\/wp-json\/wp\/v2\/tags?post=2410"}],"curies":[{"name":"wp","href":"https:\/\/api.w.org\/{rel}","templated":true}]}}