{"id":2411,"date":"2015-07-03T06:09:42","date_gmt":"2015-07-03T06:09:42","guid":{"rendered":"https:\/\/codexflores.ch\/index.php\/2015\/07\/03\/van-der-aa-erhaelt-niederlaendischen-staatspreis\/"},"modified":"2015-07-03T06:09:42","modified_gmt":"2015-07-03T06:09:42","slug":"van-der-aa-erhaelt-niederlaendischen-staatspreis","status":"publish","type":"post","link":"https:\/\/codexflores.ch\/index.php\/2015\/07\/03\/van-der-aa-erhaelt-niederlaendischen-staatspreis\/","title":{"rendered":"Van der Aa erh\u00e4lt Niederl\u00e4ndischen Staatspreis"},"content":{"rendered":"<p><span style=\"font-family: arial,helvetica,sans-serif; font-size: small;\">03.07.2015 &#8212; Der 45-j\u00e4hrige Komponist Michel van der Aa wird dieses Jahr mit dem Johannes Vermeer Award, dem niederl\u00e4ndischen Staatspreis f\u00fcr die Sch\u00f6nen K\u00fcnste, geehrt. Der Preis ist mit 100&#8217;000 Euro dotiert.<\/span><\/p>\n<p>\u00a0<\/p>\n<p><strong><span style=\"font-family: arial,helvetica,sans-serif; font-size: small;\">03.07.2015 &#8212; Der 45-j\u00e4hrige Komponist Michel van der Aa wird dieses Jahr mit dem Johannes Vermeer Award, dem niederl\u00e4ndischen Staatspreis f\u00fcr die Sch\u00f6nen K\u00fcnste, geehrt. Der Preis ist mit 100&#8217;000 Euro dotiert.<\/span><\/strong><\/p>\n<p>\u00a0<\/p>\n<p><span style=\"font-family: arial,helvetica,sans-serif; font-size: small;\">Van der Aa liess sich am K\u00f6niglichen Konservatorium in Den Haag zum Toningenieur ausbilden und studierte im Anschluss Komposition bei Diderik Wagenaar, Gilius van Bergeijk und Louis Andriessen. An der New Yorker Filmakademie studierte er zudem Filmregie, bevor er 2007 am Lincoln Center Theater Director\u2019s Lab teilnahm, einem Intensivkurs in B\u00fchnenregie.<\/span><\/p>\n<p><span style=\"font-family: arial,helvetica,sans-serif; font-size: small;\">\u00a0<\/span><\/p>\n<p><span style=\"font-family: arial,helvetica,sans-serif; font-size: small;\">Zu seinen aktuellen Projekten z\u00e4hlt ein interaktiver digitaler Liedzyklus, <em>The Book of Sand<\/em>, der online im Internet sowie als Smartphone-App ver\u00f6ffentlicht wird. Im Fr\u00fchjahr 2016 kommt im Amsterdamer Muziekgebouw seine Kammeroper\u00a0<em>Blank Out<\/em> f\u00fcr Sopran, Bariton und 3D-Film zur Urauff\u00fchrung.<\/span><\/p>\n<p>\u00a0<\/p>\n<p><span style=\"font-family: arial,helvetica,sans-serif; font-size: small;\">Der Johannes Vermeer Award\u00a0wird seit 2009 j\u00e4hrlich an herausragende, in den Niederlanden t\u00e4tige K\u00fcnstler aller Sparten verliehen. Zu den bisherigen Preistr\u00e4gern z\u00e4hlen der Opernregisseur Pierre Audi, die bildende K\u00fcnstlerin Marlene Dumas und der Architekt Rem Koolhaas. Das Preisgeld ist im Wesentlichen zur Verwendung f\u00fcr ein neues k\u00fcnstlerisches Projekt bestimmt. <em>(cf)<\/em><\/span><\/p>\n","protected":false},"excerpt":{"rendered":"<p><span style=\"font-family: arial,helvetica,sans-serif; font-size: small;\">03.07.2015 &#8212; Der 45-j\u00e4hrige Komponist Michel van der Aa wird dieses Jahr mit dem Johannes Vermeer Award, dem niederl\u00e4ndischen Staatspreis f\u00fcr die Sch\u00f6nen K\u00fcnste, geehrt. Der Preis ist mit 100&#8217;000 Euro dotiert.<\/span><\/p>\n","protected":false},"author":1,"featured_media":0,"comment_status":"open","ping_status":"open","sticky":false,"template":"","format":"standard","meta":{"footnotes":""},"categories":[2],"tags":[],"class_list":["post-2411","post","type-post","status-publish","format-standard","hentry","category-nachrichten","entry"],"_links":{"self":[{"href":"https:\/\/codexflores.ch\/index.php\/wp-json\/wp\/v2\/posts\/2411","targetHints":{"allow":["GET"]}}],"collection":[{"href":"https:\/\/codexflores.ch\/index.php\/wp-json\/wp\/v2\/posts"}],"about":[{"href":"https:\/\/codexflores.ch\/index.php\/wp-json\/wp\/v2\/types\/post"}],"author":[{"embeddable":true,"href":"https:\/\/codexflores.ch\/index.php\/wp-json\/wp\/v2\/users\/1"}],"replies":[{"embeddable":true,"href":"https:\/\/codexflores.ch\/index.php\/wp-json\/wp\/v2\/comments?post=2411"}],"version-history":[{"count":0,"href":"https:\/\/codexflores.ch\/index.php\/wp-json\/wp\/v2\/posts\/2411\/revisions"}],"wp:attachment":[{"href":"https:\/\/codexflores.ch\/index.php\/wp-json\/wp\/v2\/media?parent=2411"}],"wp:term":[{"taxonomy":"category","embeddable":true,"href":"https:\/\/codexflores.ch\/index.php\/wp-json\/wp\/v2\/categories?post=2411"},{"taxonomy":"post_tag","embeddable":true,"href":"https:\/\/codexflores.ch\/index.php\/wp-json\/wp\/v2\/tags?post=2411"}],"curies":[{"name":"wp","href":"https:\/\/api.w.org\/{rel}","templated":true}]}}