{"id":2412,"date":"2015-07-03T06:39:27","date_gmt":"2015-07-03T06:39:27","guid":{"rendered":"https:\/\/codexflores.ch\/index.php\/2015\/07\/03\/marc-minkowski-wird-leiter-der-oper-von-bordeaux\/"},"modified":"2015-07-03T06:39:27","modified_gmt":"2015-07-03T06:39:27","slug":"marc-minkowski-wird-leiter-der-oper-von-bordeaux","status":"publish","type":"post","link":"https:\/\/codexflores.ch\/index.php\/2015\/07\/03\/marc-minkowski-wird-leiter-der-oper-von-bordeaux\/","title":{"rendered":"Marc Minkowski wird Leiter der Oper von Bordeaux"},"content":{"rendered":"<p><span style=\"font-family: arial,helvetica,sans-serif; font-size: small;\">03.07.2015 &#8212; Laut franz\u00f6sischen Presseberichten \u00fcbernimmt Marc Minkowski das Amt des Direktors der Op\u00e9ra de Bordeaux. Er folgt auf Thierry Fouquet, der 2016 zur\u00fccktritt.<\/span><\/p>\n<p><span style=\"font-family: arial,helvetica,sans-serif; font-size: small;\"><strong>03.07.2015 &#8212; Laut franz\u00f6sischen Presseberichten \u00fcbernimmt Marc Minkowski das Amt des Direktors der Op\u00e9ra de Bordeaux. Er folgt auf Thierry Fouquet, der 2016 zur\u00fccktritt.<\/strong><\/span><\/p>\n<p><span style=\"font-family: arial,helvetica,sans-serif; font-size: small;\">\u00a0<\/span><\/p>\n<p><span style=\"font-family: arial,helvetica,sans-serif; font-size: small;\">Zuletzt war Minkowski in Frankreich kulturpolitisch in den Schlagzeilen, weil Grenoble ihm im vergangenen Dezember die Beitr\u00e4ge an sein Ensemble Les Musiciens du Louvre Grenoble gek\u00fcrzt hatte.<\/span><\/p>\n<p><span style=\"font-family: arial,helvetica,sans-serif; font-size: small;\">\u00a0<\/span><\/p>\n<p><span style=\"font-family: arial,helvetica,sans-serif; font-size: small;\">Das Fachmagazin <a href=\"http:\/\/www.resmusica.com\/2015\/07\/02\/minkowski-a-bordeaux\/\" target=\"_blank\" rel=\"noopener noreferrer\">Resmusica<\/a> stellt zur Berufung in Bordeaux einige Fragezeichen. Gesucht gewesen sei in der Stadt ein administrativer Leiter und kein k\u00fcnstlerischer Direktor. Zudem sei Minkoswki mit seinen Aufgaben in Salzburg, wo er die Mozartwoche k\u00fcnstlerisch leitet, seinem Festival R\u00e9 Majeure der Ile de R\u00e9 sowie dem Orchestre des Musiciens du Louvre bereits sehr beansprucht. <em>(cf)<\/em><\/span><\/p>\n<p><span style=\"font-family: arial,helvetica,sans-serif; font-size: small;\">\u00a0<\/span><\/p>\n","protected":false},"excerpt":{"rendered":"<p><span style=\"font-family: arial,helvetica,sans-serif; font-size: small;\">03.07.2015 &#8212; Laut franz\u00f6sischen Presseberichten \u00fcbernimmt Marc Minkowski das Amt des Direktors der Op\u00e9ra de Bordeaux. Er folgt auf Thierry Fouquet, der 2016 zur\u00fccktritt.<\/span><\/p>\n","protected":false},"author":1,"featured_media":0,"comment_status":"open","ping_status":"open","sticky":false,"template":"","format":"standard","meta":{"footnotes":""},"categories":[2],"tags":[],"class_list":["post-2412","post","type-post","status-publish","format-standard","hentry","category-nachrichten","entry"],"_links":{"self":[{"href":"https:\/\/codexflores.ch\/index.php\/wp-json\/wp\/v2\/posts\/2412","targetHints":{"allow":["GET"]}}],"collection":[{"href":"https:\/\/codexflores.ch\/index.php\/wp-json\/wp\/v2\/posts"}],"about":[{"href":"https:\/\/codexflores.ch\/index.php\/wp-json\/wp\/v2\/types\/post"}],"author":[{"embeddable":true,"href":"https:\/\/codexflores.ch\/index.php\/wp-json\/wp\/v2\/users\/1"}],"replies":[{"embeddable":true,"href":"https:\/\/codexflores.ch\/index.php\/wp-json\/wp\/v2\/comments?post=2412"}],"version-history":[{"count":0,"href":"https:\/\/codexflores.ch\/index.php\/wp-json\/wp\/v2\/posts\/2412\/revisions"}],"wp:attachment":[{"href":"https:\/\/codexflores.ch\/index.php\/wp-json\/wp\/v2\/media?parent=2412"}],"wp:term":[{"taxonomy":"category","embeddable":true,"href":"https:\/\/codexflores.ch\/index.php\/wp-json\/wp\/v2\/categories?post=2412"},{"taxonomy":"post_tag","embeddable":true,"href":"https:\/\/codexflores.ch\/index.php\/wp-json\/wp\/v2\/tags?post=2412"}],"curies":[{"name":"wp","href":"https:\/\/api.w.org\/{rel}","templated":true}]}}