{"id":2413,"date":"2015-07-03T06:52:52","date_gmt":"2015-07-03T06:52:52","guid":{"rendered":"https:\/\/codexflores.ch\/index.php\/2015\/07\/03\/prick-interimschef-des-beethoven-orchesters-bonn\/"},"modified":"2015-07-03T06:52:52","modified_gmt":"2015-07-03T06:52:52","slug":"prick-interimschef-des-beethoven-orchesters-bonn","status":"publish","type":"post","link":"https:\/\/codexflores.ch\/index.php\/2015\/07\/03\/prick-interimschef-des-beethoven-orchesters-bonn\/","title":{"rendered":"Prick Interimschef des Beethoven Orchesters Bonn"},"content":{"rendered":"<p><span style=\"font-family: arial,helvetica,sans-serif; font-size: small;\">03.07.2015 &#8212; F\u00fcr die Saison 2016\/2017 wird Christof Prick als Chefdirigent f\u00fcr das Beethoven Orchester Bonn die k\u00fcnstlerische Leitung \u00fcbernehmen. Stefan Blunier, der in Bern geborene GMD der Stadt, hatte aus Protest gegen geplante Sparmassnahmen seinen Vertrag nicht verl\u00e4ngert.<\/span><\/p>\n<p><span style=\"font-family: arial,helvetica,sans-serif; font-size: small;\"><strong>03.07.2015 &#8212; F\u00fcr die Saison 2016\/2017 wird Christof Prick als Chefdirigent f\u00fcr das Beethoven Orchester Bonn die k\u00fcnstlerische Leitung \u00fcbernehmen. Stefan Blunier, der in Bern geborene GMD der Stadt, hatte aus Protest gegen geplante Sparmassnahmen seinen Vertrag nicht verl\u00e4ngert.<\/strong><\/span><\/p>\n<p><span style=\"font-family: arial,helvetica,sans-serif; font-size: small;\">\u00a0<\/span><\/p>\n<p><span style=\"font-family: arial,helvetica,sans-serif; font-size: small;\">Der in Hamburg geborene\u00a0Christof Prick studierte an der Hochschule f\u00fcr Musik und Theater seiner Heimatstadt und wurde 1974 als Deutschlands damals j\u00fcngster Generalmusikdirektor an das Saarl\u00e4ndische Staatstheater Saarbr\u00fccken berufen. <\/span><\/p>\n<p>\u00a0<\/p>\n<p><span style=\"font-family: arial,helvetica,sans-serif; font-size: small;\">In gleicher Position war er auch von 1977 bis 1986 f\u00fcr das Badische Staatstheater in Karlsruhe und die dortige Badische Staatskapelle verantwortlich, ebenso wie ab 1993 f\u00fcr die Staatsoper Hannover und zuletzt bis 2011 f\u00fcr das Staatstheater und die Bayrische Staatsphilharmonie in N\u00fcrnberg. <em>(cf)<\/em> <\/span><\/p>\n<p><span style=\"font-family: arial,helvetica,sans-serif; font-size: small;\">\u00a0<\/span><\/p>\n","protected":false},"excerpt":{"rendered":"<p><span style=\"font-family: arial,helvetica,sans-serif; font-size: small;\">03.07.2015 &#8212; F\u00fcr die Saison 2016\/2017 wird Christof Prick als Chefdirigent f\u00fcr das Beethoven Orchester Bonn die k\u00fcnstlerische Leitung \u00fcbernehmen. Stefan Blunier, der in Bern geborene GMD der Stadt, hatte aus Protest gegen geplante Sparmassnahmen seinen Vertrag nicht verl\u00e4ngert.<\/span><\/p>\n","protected":false},"author":1,"featured_media":0,"comment_status":"open","ping_status":"open","sticky":false,"template":"","format":"standard","meta":{"footnotes":""},"categories":[2],"tags":[],"class_list":["post-2413","post","type-post","status-publish","format-standard","hentry","category-nachrichten","entry"],"_links":{"self":[{"href":"https:\/\/codexflores.ch\/index.php\/wp-json\/wp\/v2\/posts\/2413","targetHints":{"allow":["GET"]}}],"collection":[{"href":"https:\/\/codexflores.ch\/index.php\/wp-json\/wp\/v2\/posts"}],"about":[{"href":"https:\/\/codexflores.ch\/index.php\/wp-json\/wp\/v2\/types\/post"}],"author":[{"embeddable":true,"href":"https:\/\/codexflores.ch\/index.php\/wp-json\/wp\/v2\/users\/1"}],"replies":[{"embeddable":true,"href":"https:\/\/codexflores.ch\/index.php\/wp-json\/wp\/v2\/comments?post=2413"}],"version-history":[{"count":0,"href":"https:\/\/codexflores.ch\/index.php\/wp-json\/wp\/v2\/posts\/2413\/revisions"}],"wp:attachment":[{"href":"https:\/\/codexflores.ch\/index.php\/wp-json\/wp\/v2\/media?parent=2413"}],"wp:term":[{"taxonomy":"category","embeddable":true,"href":"https:\/\/codexflores.ch\/index.php\/wp-json\/wp\/v2\/categories?post=2413"},{"taxonomy":"post_tag","embeddable":true,"href":"https:\/\/codexflores.ch\/index.php\/wp-json\/wp\/v2\/tags?post=2413"}],"curies":[{"name":"wp","href":"https:\/\/api.w.org\/{rel}","templated":true}]}}