{"id":2414,"date":"2015-07-03T10:19:34","date_gmt":"2015-07-03T10:19:34","guid":{"rendered":"https:\/\/codexflores.ch\/index.php\/2015\/07\/03\/musikforum-2015-02\/"},"modified":"2015-07-03T10:19:34","modified_gmt":"2015-07-03T10:19:34","slug":"musikforum-2015-02","status":"publish","type":"post","link":"https:\/\/codexflores.ch\/index.php\/2015\/07\/03\/musikforum-2015-02\/","title":{"rendered":"Musikforum 2015\/02"},"content":{"rendered":"<p><strong><span style=\"font-size: small;\"><img loading=\"lazy\" decoding=\"async\" src=\"images\/zeitschriften_covers\/2015\/Mufo_2_2015_Cover_200px.jpg\" border=\"0\" alt=\"Cover Zeitschrift\" width=\"100\" height=\"142\" style=\"float: left; margin: 8px;\" \/><span style=\"font-family: arial,helvetica,sans-serif;\">Landmusik<\/span><\/span><\/strong><\/p>\n<p><span style=\"font-family: arial,helvetica,sans-serif;\">Klischee und Wirklichkeit<\/span><\/p>\n<p><span style=\"font-family: arial,helvetica,sans-serif;\">\u00a0<\/span><\/p>\n<div class=\"article\">\n<p class=\"borderBottom\"><span style=\"font-family: arial,helvetica,sans-serif;\"><strong>Fokus<br \/><\/strong><\/span><span class=\"articleTextSmall\" style=\"font-family: arial,helvetica,sans-serif;\">Bonde, Alexander<br \/><\/span><span style=\"font-family: arial,helvetica,sans-serif;\"><a class=\"articleTextBold\" href=\"http:\/\/www.musik-forum-online.de\/de_DE\/journal\/current\/showarticle,39246.html\">Gesellschaftliches Engagement als Antriebskraft<br \/><\/a><\/span><span class=\"articleText\" style=\"font-family: arial,helvetica,sans-serif;\">Potenziale und Herausforderungen der Kultur im l\u00e4ndlichen Raum<\/span><\/p>\n<\/p><\/div>\n<div class=\"article\"><span class=\"articleTextSmall\" style=\"font-family: arial,helvetica,sans-serif;\">Schr\u00f6der, Sebastian <\/span><br \/><span style=\"font-family: arial,helvetica,sans-serif;\"> <a class=\"articleTextBold\" href=\"http:\/\/www.musik-forum-online.de\/de_DE\/journal\/current\/showarticle,39247.html\"> 100 Kilometer zum n\u00e4chsten Opernhaus <\/a> <\/span><br \/><span class=\"articleText\" style=\"font-family: arial,helvetica,sans-serif;\"> Kulturleben in Mecklenburg-Vorpommern<\/span><\/div>\n<div class=\"article\"><span class=\"articleTextSmall\" style=\"font-family: arial,helvetica,sans-serif;\">Zabel, Marco <\/span><br \/><span style=\"font-family: arial,helvetica,sans-serif;\"> <a class=\"articleTextBold\" href=\"http:\/\/www.musik-forum-online.de\/de_DE\/journal\/current\/showarticle,39495.html\"> Kultur des Euphemismus <\/a> <\/span><br \/><span class=\"articleText\" style=\"font-family: arial,helvetica,sans-serif;\"> Mecklenburg-Vorpommern in der Krise<\/span><\/div>\n<div class=\"article\"><span class=\"articleTextSmall\" style=\"font-family: arial,helvetica,sans-serif;\">Mahlerwein, Gunther <\/span><br \/><span style=\"font-family: arial,helvetica,sans-serif;\"> <a class=\"articleTextBold\" href=\"http:\/\/www.musik-forum-online.de\/de_DE\/journal\/current\/showarticle,39494.html\"> Sackpfeiff und Leierweiber <\/a> <\/span><br \/><span class=\"articleText\" style=\"font-family: arial,helvetica,sans-serif;\"> Musik auf dem Land vom 17. bis zum 19. Jahrhundert<\/span><\/div>\n<div class=\"article\"><span class=\"articleTextSmall\" style=\"font-family: arial,helvetica,sans-serif;\">Adrians, Frauke <\/span><br \/><span style=\"font-family: arial,helvetica,sans-serif;\"> <a class=\"articleTextBold\" href=\"http:\/\/www.musik-forum-online.de\/de_DE\/journal\/current\/showarticle,39248.html\"> Optimismus nach Noten <\/a> <\/span><br \/><span class=\"articleText\" style=\"font-family: arial,helvetica,sans-serif;\"> Die Th\u00fcringer Symphoniker Saalfeld-Rudolstadt w\u00fcnschen sich zu ihrem 380. Geburtstag faire Geh\u00e4lter<\/span><\/div>\n<div class=\"article\"><span class=\"articleTextSmall\" style=\"font-family: arial,helvetica,sans-serif;\">Koll, Julia <\/span><br \/><span style=\"font-family: arial,helvetica,sans-serif;\"> <a class=\"articleTextBold\" href=\"http:\/\/www.musik-forum-online.de\/de_DE\/journal\/current\/showarticle,39249.html\"> Bleibt die Kirche im Dorf? <\/a> <\/span><br \/><span class=\"articleText\" style=\"font-family: arial,helvetica,sans-serif;\"> Zur Rolle der Kirchenmusik in l\u00e4ndlichen R\u00e4umen<\/span><\/div>\n<div class=\"article\"><span class=\"articleTextSmall\" style=\"font-family: arial,helvetica,sans-serif;\">Krebs, Matthias; Godau, Marc <\/span><br \/><span style=\"font-family: arial,helvetica,sans-serif;\"> <a class=\"articleTextBold\" href=\"http:\/\/www.musik-forum-online.de\/de_DE\/journal\/current\/showarticle,39516.html\"> Unrichtiger Unterricht <\/a> <\/span><br \/><span class=\"articleText\" style=\"font-family: arial,helvetica,sans-serif;\"> Musiklernen via YouTube<\/span><\/div>\n<div class=\"article\"><span class=\"articleTextSmall\" style=\"font-family: arial,helvetica,sans-serif;\">Lehmann, Maria <\/span><br \/><span style=\"font-family: arial,helvetica,sans-serif;\"> <a class=\"articleTextBold\" href=\"http:\/\/www.musik-forum-online.de\/de_DE\/journal\/current\/showarticle,39250.html\"> Geselligkeit und Spa\u00df als Hauptsache <\/a> <\/span><br \/><span class=\"articleText\" style=\"font-family: arial,helvetica,sans-serif;\"> Alltag im Dorfchor<\/span><\/div>\n<div class=\"article\"><span class=\"articleTextSmall\" style=\"font-family: arial,helvetica,sans-serif;\">Buschmann, Jana <\/span><br \/><span style=\"font-family: arial,helvetica,sans-serif;\"> <a class=\"articleTextBold\" href=\"http:\/\/www.musik-forum-online.de\/de_DE\/journal\/current\/showarticle,39251.html\"> Dorf im Digi-Tal? <\/a> <\/span><br \/><span class=\"articleText\" style=\"font-family: arial,helvetica,sans-serif;\"> Digitale Fortbildung f\u00fcr Musiklehrer im l\u00e4ndlichen Raum<\/span><\/div>\n<div class=\"article\"><span class=\"articleTextSmall\" style=\"font-family: arial,helvetica,sans-serif;\">Flie\u00df, Susanne <\/span><br \/><span style=\"font-family: arial,helvetica,sans-serif;\"> <a class=\"articleTextBold\" href=\"http:\/\/www.musik-forum-online.de\/de_DE\/journal\/current\/showarticle,39252.html\"> Das Salsaherz schl\u00e4gt auch f\u00fcr die Geige <\/a> <\/span><br \/><span class=\"articleText\" style=\"font-family: arial,helvetica,sans-serif;\"> Ein Freiwilligenjahr im Ausland mit \u201eMusiker ohne Grenzen e. V.\u201c<\/span><\/div>\n<div class=\"article\"><span class=\"articleTextSmall\" style=\"font-family: arial,helvetica,sans-serif;\">Schwetter, Holger <\/span><br \/><span style=\"font-family: arial,helvetica,sans-serif;\"> <a class=\"articleTextBold\" href=\"http:\/\/www.musik-forum-online.de\/de_DE\/journal\/current\/showarticle,39491.html\"> Progressiv \u00fcbers Land <\/a> <\/span><br \/><span class=\"articleText\" style=\"font-family: arial,helvetica,sans-serif;\"> Landdiskotheken in den 1970er- und 1980er-Jahren<\/span><\/div>\n<div class=\"article\"><span class=\"articleText\" style=\"font-family: arial,helvetica,sans-serif;\">\u00a0<\/span><\/div>\n<p><span style=\"font-family: arial,helvetica,sans-serif;\"><strong>Neue T\u00f6ne<br \/><\/strong>Lotze, Flora<br \/><a class=\"articleTextBold\" href=\"http:\/\/www.musik-forum-online.de\/de_DE\/journal\/current\/showarticle,39253.html\">\u201eEin Urwald von Entscheidungen\u201c <\/a> <\/span><br \/><span style=\"font-family: arial,helvetica,sans-serif;\"> <span class=\"articleText\">Der musikalische \u00dcberflieger Franz Ferdinand August Rieks \u00fcberl\u00e4sst nichts dem Zufall<\/span><\/span><\/p>\n<div class=\"article\">\n<p class=\"borderBottom\"><span style=\"font-family: arial,helvetica,sans-serif;\"><strong>\u00a0<\/strong><\/span><\/p>\n<p class=\"borderBottom\"><span style=\"font-family: arial,helvetica,sans-serif;\"><strong>Europa<br \/><\/strong><\/span><span class=\"articleTextSmall\" style=\"font-family: arial,helvetica,sans-serif;\">H\u00fcther, Michael<br \/><\/span><span style=\"font-family: arial,helvetica,sans-serif;\"><a class=\"articleTextBold\" href=\"http:\/\/www.musik-forum-online.de\/de_DE\/journal\/current\/showarticle,39485.html\">Nationale Vielfalt <\/a> <br \/><\/span><span class=\"articleText\" style=\"font-family: arial,helvetica,sans-serif;\">Die Staatengemeinschaft Europa zwischen Autonomie und Verantwortung<\/span><\/p>\n<\/p><\/div>\n<div class=\"article\">\n<p class=\"borderBottom\"><span style=\"font-family: arial,helvetica,sans-serif;\"><strong>\u00a0<\/strong><\/span><\/p>\n<p class=\"borderBottom\"><span class=\"articleTextSmall\" style=\"font-family: arial,helvetica,sans-serif;\"><strong>Musik und Politik<\/strong><br \/>Sieling, Carsten<br \/><\/span><span style=\"font-family: arial,helvetica,sans-serif;\"><a class=\"articleTextBold\" href=\"http:\/\/www.musik-forum-online.de\/de_DE\/journal\/current\/showarticle,39254.html\">Eine Herkulesaufgabe<br \/><\/a><\/span><span class=\"articleText\" style=\"font-family: arial,helvetica,sans-serif;\">Die Neuordnung der Bund-L\u00e4nder-Finanzbeziehungen<\/span><\/p>\n<\/p><\/div>\n<div class=\"article\"><span class=\"articleTextSmall\" style=\"font-family: arial,helvetica,sans-serif;\">Kurth, Brunhild <\/span><br \/><span style=\"font-family: arial,helvetica,sans-serif;\"> <a class=\"articleTextBold\" href=\"http:\/\/www.musik-forum-online.de\/de_DE\/journal\/current\/showarticle,39255.html\"> Nicht greifbar, trotzdem wertvoll <\/a> <\/span><br \/><span class=\"articleText\" style=\"font-family: arial,helvetica,sans-serif;\"> Immaterielles Kulturerbe in Deutschland<\/span><\/div>\n<div class=\"article\">\n<p class=\"borderBottom\"><span style=\"font-family: arial,helvetica,sans-serif;\"><strong>\u00a0<\/strong><\/span><\/p>\n<p class=\"borderBottom\"><span class=\"articleTextSmall\" style=\"font-family: arial,helvetica,sans-serif;\"><strong>Bildung \/ Forschung<\/strong><br \/>Lentz, S\u00f6nke<br \/><\/span><span style=\"font-family: arial,helvetica,sans-serif;\"><a class=\"articleTextBold\" href=\"http:\/\/www.musik-forum-online.de\/de_DE\/journal\/current\/showarticle,39257.html\">Diagnose Eventinfekt<br \/><\/a><\/span><span class=\"articleText\" style=\"font-family: arial,helvetica,sans-serif;\">Image und Wirklichkeit der Jugendorchester<\/span><\/p>\n<\/p><\/div>\n<div class=\"article\"><span class=\"articleTextSmall\" style=\"font-family: arial,helvetica,sans-serif;\">Hartogh, Theo <\/span><br \/><span style=\"font-family: arial,helvetica,sans-serif;\"> <a class=\"articleTextBold\" href=\"http:\/\/www.musik-forum-online.de\/de_DE\/journal\/current\/showarticle,39258.html\"> Zukunftsmusik Alter <\/a> <\/span><br \/><span class=\"articleText\" style=\"font-family: arial,helvetica,sans-serif;\"> Die Potenziale der Musikgeragogik in einer alternden Gesellschaft<\/span><\/div>\n<div class=\"article\"><span class=\"articleTextSmall\" style=\"font-family: arial,helvetica,sans-serif;\">Gomis, Saraya <\/span><br \/><span style=\"font-family: arial,helvetica,sans-serif;\"> <a class=\"articleTextBold\" href=\"http:\/\/www.musik-forum-online.de\/de_DE\/journal\/current\/showarticle,39259.html\"> Jenseits der wei\u00dfen Mehrheitsgesellschaft? <\/a> <\/span><br \/><span class=\"articleText\" style=\"font-family: arial,helvetica,sans-serif;\"> \u00dcber das Bekannte und das Unbekannte<\/span><\/div>\n<div class=\"article\">\n<p class=\"borderBottom\"><span style=\"font-family: arial,helvetica,sans-serif;\"><strong>\u00a0<\/strong><\/span><\/p>\n<p class=\"borderBottom\"><span class=\"articleTextSmall\" style=\"font-family: arial,helvetica,sans-serif;\"><strong>Wirtschaft<\/strong><br \/>Rinnert, Christoph<br \/><\/span><span style=\"font-family: arial,helvetica,sans-serif;\"><a class=\"articleTextBold\" href=\"http:\/\/www.musik-forum-online.de\/de_DE\/journal\/current\/showarticle,39488.html\">Ausverkauf der Komponisten?<br \/><\/a><\/span><span class=\"articleText\" style=\"font-family: arial,helvetica,sans-serif;\">Urheberrecht und \u00f6ffentlicher Rundfunk<\/span><\/p>\n<\/p><\/div>\n<p><span class=\"articleTextSmall\" style=\"font-family: arial,helvetica,sans-serif;\"><strong>\u00a0<\/strong><\/span><\/p>\n<p><span class=\"articleTextSmall\" style=\"font-family: arial,helvetica,sans-serif;\"><strong>Pop<\/strong><br \/>Dahmen, Udo <\/span><br \/><span style=\"font-family: arial,helvetica,sans-serif;\"> <a class=\"articleTextBold\" href=\"http:\/\/www.musik-forum-online.de\/de_DE\/journal\/current\/showarticle,39256.html\"> Erkl\u00e4r mir Pop <\/a> <\/span><br \/><span class=\"articleText\" style=\"font-family: arial,helvetica,sans-serif;\"> Planet Rock von Afrika Bambaataa<\/span><\/p>\n<p><span class=\"articleText\" style=\"font-family: arial,helvetica,sans-serif;\">\u00a0<\/span><\/p>\n<p><span class=\"articleText\" style=\"font-family: arial,helvetica,sans-serif;\">\u00a0<\/span><\/p>\n<p><span class=\"articleText\" style=\"font-family: arial,helvetica,sans-serif;\">\u00a0<\/span><\/p>\n","protected":false},"excerpt":{"rendered":"<p>Landmusik Klischee und Wirklichkeit \u00a0 FokusBonde, AlexanderGesellschaftliches Engagement als AntriebskraftPotenziale und Herausforderungen der Kultur im l\u00e4ndlichen Raum Schr\u00f6der, Sebastian 100&#8230;<\/p>\n","protected":false},"author":1,"featured_media":0,"comment_status":"open","ping_status":"open","sticky":false,"template":"","format":"standard","meta":{"footnotes":""},"categories":[10],"tags":[],"class_list":["post-2414","post","type-post","status-publish","format-standard","hentry","category-fachzeitschriften","entry"],"_links":{"self":[{"href":"https:\/\/codexflores.ch\/index.php\/wp-json\/wp\/v2\/posts\/2414","targetHints":{"allow":["GET"]}}],"collection":[{"href":"https:\/\/codexflores.ch\/index.php\/wp-json\/wp\/v2\/posts"}],"about":[{"href":"https:\/\/codexflores.ch\/index.php\/wp-json\/wp\/v2\/types\/post"}],"author":[{"embeddable":true,"href":"https:\/\/codexflores.ch\/index.php\/wp-json\/wp\/v2\/users\/1"}],"replies":[{"embeddable":true,"href":"https:\/\/codexflores.ch\/index.php\/wp-json\/wp\/v2\/comments?post=2414"}],"version-history":[{"count":0,"href":"https:\/\/codexflores.ch\/index.php\/wp-json\/wp\/v2\/posts\/2414\/revisions"}],"wp:attachment":[{"href":"https:\/\/codexflores.ch\/index.php\/wp-json\/wp\/v2\/media?parent=2414"}],"wp:term":[{"taxonomy":"category","embeddable":true,"href":"https:\/\/codexflores.ch\/index.php\/wp-json\/wp\/v2\/categories?post=2414"},{"taxonomy":"post_tag","embeddable":true,"href":"https:\/\/codexflores.ch\/index.php\/wp-json\/wp\/v2\/tags?post=2414"}],"curies":[{"name":"wp","href":"https:\/\/api.w.org\/{rel}","templated":true}]}}