{"id":2418,"date":"2015-07-07T06:25:21","date_gmt":"2015-07-07T06:25:21","guid":{"rendered":"https:\/\/codexflores.ch\/index.php\/2015\/07\/07\/bilanz-des-boswiler-sommers-2015\/"},"modified":"2015-07-07T06:25:21","modified_gmt":"2015-07-07T06:25:21","slug":"bilanz-des-boswiler-sommers-2015","status":"publish","type":"post","link":"https:\/\/codexflores.ch\/index.php\/2015\/07\/07\/bilanz-des-boswiler-sommers-2015\/","title":{"rendered":"Bilanz des Boswiler Sommers 2015"},"content":{"rendered":"<p><span style=\"font-family: arial,helvetica,sans-serif; font-size: small;\">07.07.2015 &#8212; Die Konzerte des Boswiler Sommers 2015 erreichten laut den Veranstaltern eine Auslastung der Hauptkonzerte von 92 Prozent; insgesamt besuchten 3000 Personen die Konzerte.<\/span><\/p>\n<p><span style=\"font-family: arial,helvetica,sans-serif; font-size: small;\"><strong>07.07.2015 &#8212; Die Konzerte des Boswiler Sommers 2015 erreichten laut den Veranstaltern eine Auslastung der Hauptkonzerte von 92 Prozent; insgesamt besuchten 3000 Personen die Konzerte.<\/strong><\/span><\/p>\n<p>\u00a0<\/p>\n<p><span style=\"font-family: arial,helvetica,sans-serif; font-size: small;\">Der Boswiler Sommer offerierte unter dem Motto\u00a0\u00abHoch<span lang=\"EN-US\">\u260d<\/span>Zeit\u00bb in 9 Tagen 15 Produktionen. Als Festival Artists amteten die S\u00e4ngerin Regula M\u00fchlemann, der Geiger Sebastian Bohren und der Klarinettist David Orlowsky. Nicht zustande kam allerdings ein Auftritt von Heinrich Schiff als Dirigent des Abschlusskonzertes. F\u00fcr ihn sprang Henry Raudales ein. Als k\u00fcnstlerischen H\u00f6hepunkt pr\u00e4sentierte der Boswiler Sommer Georg Philipp Telemanns \u00abHochzeitskantate\u00bb als Schweizer Erstauff\u00fchrung. <\/span><\/p>\n<p>\u00a0<\/p>\n<p><span style=\"font-family: arial,helvetica,sans-serif; font-size: small;\">Der Boswiler Sommer bringt jeweils eine Begegnung mit verschiedenen musikalischen Welten. Er wird organisiert vom K\u00fcnstlerhaus Boswil im Kanton Aargau, das 1953 als Heim f\u00fcr betagte und mittellose K\u00fcnstler geschaffen wurde. Seit 2006 widmet es sich als Ort der Musik mit kantonalem\u00a0Leistungsauftrag ausschliesslich der Musik \u2013 mit\u00a0\u00f6ffentlichen Konzertplattformen (Boswiler Meisterkonzerte, Boswiler Sommer), Aus- und Weiterbildung (Boswiler Akademie) und eigenen Ensemble- und Orchesterprojekten. <em>(cf)<\/em><\/span><\/p>\n<p>\u00a0<\/p>\n<p>\u00a0<\/p>\n<p>\u00a0<\/p>\n<p>\u00a0<\/p>\n","protected":false},"excerpt":{"rendered":"<p><span style=\"font-family: arial,helvetica,sans-serif; font-size: small;\">07.07.2015 &#8212; Die Konzerte des Boswiler Sommers 2015 erreichten laut den Veranstaltern eine Auslastung der Hauptkonzerte von 92 Prozent; insgesamt besuchten 3000 Personen die Konzerte.<\/span><\/p>\n","protected":false},"author":1,"featured_media":0,"comment_status":"open","ping_status":"open","sticky":false,"template":"","format":"standard","meta":{"footnotes":""},"categories":[2],"tags":[],"class_list":["post-2418","post","type-post","status-publish","format-standard","hentry","category-nachrichten","entry"],"_links":{"self":[{"href":"https:\/\/codexflores.ch\/index.php\/wp-json\/wp\/v2\/posts\/2418","targetHints":{"allow":["GET"]}}],"collection":[{"href":"https:\/\/codexflores.ch\/index.php\/wp-json\/wp\/v2\/posts"}],"about":[{"href":"https:\/\/codexflores.ch\/index.php\/wp-json\/wp\/v2\/types\/post"}],"author":[{"embeddable":true,"href":"https:\/\/codexflores.ch\/index.php\/wp-json\/wp\/v2\/users\/1"}],"replies":[{"embeddable":true,"href":"https:\/\/codexflores.ch\/index.php\/wp-json\/wp\/v2\/comments?post=2418"}],"version-history":[{"count":0,"href":"https:\/\/codexflores.ch\/index.php\/wp-json\/wp\/v2\/posts\/2418\/revisions"}],"wp:attachment":[{"href":"https:\/\/codexflores.ch\/index.php\/wp-json\/wp\/v2\/media?parent=2418"}],"wp:term":[{"taxonomy":"category","embeddable":true,"href":"https:\/\/codexflores.ch\/index.php\/wp-json\/wp\/v2\/categories?post=2418"},{"taxonomy":"post_tag","embeddable":true,"href":"https:\/\/codexflores.ch\/index.php\/wp-json\/wp\/v2\/tags?post=2418"}],"curies":[{"name":"wp","href":"https:\/\/api.w.org\/{rel}","templated":true}]}}