{"id":2419,"date":"2015-07-07T06:56:34","date_gmt":"2015-07-07T06:56:34","guid":{"rendered":"https:\/\/codexflores.ch\/index.php\/2015\/07\/07\/daniel-ott-mitglied-der-akademie-der-kuenste\/"},"modified":"2015-07-07T06:56:34","modified_gmt":"2015-07-07T06:56:34","slug":"daniel-ott-mitglied-der-akademie-der-kuenste","status":"publish","type":"post","link":"https:\/\/codexflores.ch\/index.php\/2015\/07\/07\/daniel-ott-mitglied-der-akademie-der-kuenste\/","title":{"rendered":"Daniel Ott Mitglied der Akademie der K\u00fcnste"},"content":{"rendered":"<p><span style=\"font-family: arial,helvetica,sans-serif; font-size: small;\">07.07.2015 &#8212; Der Schweizer Pianist<span style=\"font-family: arial,helvetica,sans-serif; font-size: small;\"><span style=\"font-family: arial,helvetica,sans-serif; font-size: small;\"> und <\/span><\/span> <span style=\"font-family: arial,helvetica,sans-serif; font-size: small;\">Komponist <\/span>Daniel Ott, unter anderem Gr\u00fcnder des Festivals Neue Musik R\u00fcmlingen, ist in die Deutsche Akademie der K\u00fcnste aufgenommen worden.<\/span><\/p>\n<p><span style=\"font-family: arial,helvetica,sans-serif; font-size: small;\"><strong> 07.07.2015 &#8212; <span style=\"font-family: arial,helvetica,sans-serif; font-size: small;\">Der Schweizer Pianist<span style=\"font-family: arial,helvetica,sans-serif; font-size: small;\"><span style=\"font-family: arial,helvetica,sans-serif; font-size: small;\"> und <\/span><\/span> <span style=\"font-family: arial,helvetica,sans-serif; font-size: small;\">Komponist <\/span><\/span>Daniel Ott, unter anderem Gr\u00fcnder des Festivals Neue Musik R\u00fcmlingen, ist in die Deutsche Akademie der K\u00fcnste aufgenommen worden.<\/strong><\/span><\/p>\n<p><span style=\"font-family: arial,helvetica,sans-serif; font-size: small;\">\u00a0<\/span><\/p>\n<p><span style=\"font-family: arial,helvetica,sans-serif; font-size: small;\">Ott ist seit 2005 Professor f\u00fcr Komposition und Experimentelles Musiktheater an der Universit\u00e4t der K\u00fcnste Berlin. 2016 \u00fcbernimmt er gemeinsam mit Manos Tsangaris die K\u00fcnstlerische Leitung der M\u00fcnchener Biennale \u2013 Internationales Festival f\u00fcr neues Musiktheater.<\/span><\/p>\n<p><span style=\"font-family: arial,helvetica,sans-serif; font-size: small;\"> \u00a0<\/span><\/p>\n<p><span style=\"font-family: arial,helvetica,sans-serif; font-size: small;\">Insgesamt hat die Akademie der K\u00fcnste 13 neue Mitglieder aufgenommen. In der Sektion Musik sind dies neben Ott Philippe Manoury und Helmut Zapf. In die Sektion Literatur wurden gew\u00e4hlt: Jenny Erpenbeck, G\u00fcnter Kunert, Reiner Kunze, Marie-Luise Scherer und Kathrin Schmidt. Neue Mitglieder der Sektion Darstellende Kunst sind Boris Charmatz, Mark Lammert, Eva Mattes, Thomas Quasthoff und Krzysztof Warlikowski. Die Akademie der K\u00fcnste z\u00e4hlt nun in ihren sechs Kunstsektionen insgesamt 414 Mitglieder. <em>(cf)<\/em><\/span><\/p>\n","protected":false},"excerpt":{"rendered":"<p><span style=\"font-family: arial,helvetica,sans-serif; font-size: small;\">07.07.2015 &#8212; Der Schweizer Pianist<span style=\"font-family: arial,helvetica,sans-serif; font-size: small;\"><span style=\"font-family: arial,helvetica,sans-serif; font-size: small;\"> und <\/span><\/span> <span style=\"font-family: arial,helvetica,sans-serif; font-size: small;\">Komponist <\/span>Daniel Ott, unter anderem Gr\u00fcnder des Festivals Neue Musik R\u00fcmlingen, ist in die Deutsche Akademie der K\u00fcnste aufgenommen worden.<\/span><\/p>\n","protected":false},"author":1,"featured_media":0,"comment_status":"open","ping_status":"open","sticky":false,"template":"","format":"standard","meta":{"footnotes":""},"categories":[2],"tags":[],"class_list":["post-2419","post","type-post","status-publish","format-standard","hentry","category-nachrichten","entry"],"_links":{"self":[{"href":"https:\/\/codexflores.ch\/index.php\/wp-json\/wp\/v2\/posts\/2419","targetHints":{"allow":["GET"]}}],"collection":[{"href":"https:\/\/codexflores.ch\/index.php\/wp-json\/wp\/v2\/posts"}],"about":[{"href":"https:\/\/codexflores.ch\/index.php\/wp-json\/wp\/v2\/types\/post"}],"author":[{"embeddable":true,"href":"https:\/\/codexflores.ch\/index.php\/wp-json\/wp\/v2\/users\/1"}],"replies":[{"embeddable":true,"href":"https:\/\/codexflores.ch\/index.php\/wp-json\/wp\/v2\/comments?post=2419"}],"version-history":[{"count":0,"href":"https:\/\/codexflores.ch\/index.php\/wp-json\/wp\/v2\/posts\/2419\/revisions"}],"wp:attachment":[{"href":"https:\/\/codexflores.ch\/index.php\/wp-json\/wp\/v2\/media?parent=2419"}],"wp:term":[{"taxonomy":"category","embeddable":true,"href":"https:\/\/codexflores.ch\/index.php\/wp-json\/wp\/v2\/categories?post=2419"},{"taxonomy":"post_tag","embeddable":true,"href":"https:\/\/codexflores.ch\/index.php\/wp-json\/wp\/v2\/tags?post=2419"}],"curies":[{"name":"wp","href":"https:\/\/api.w.org\/{rel}","templated":true}]}}