{"id":2421,"date":"2015-07-08T05:46:00","date_gmt":"2015-07-08T05:46:00","guid":{"rendered":"https:\/\/codexflores.ch\/index.php\/2015\/07\/08\/8-europaeischer-burghauser-nachwuchs-jazzpreis\/"},"modified":"2015-07-08T05:46:00","modified_gmt":"2015-07-08T05:46:00","slug":"8-europaeischer-burghauser-nachwuchs-jazzpreis","status":"publish","type":"post","link":"https:\/\/codexflores.ch\/index.php\/2015\/07\/08\/8-europaeischer-burghauser-nachwuchs-jazzpreis\/","title":{"rendered":"8. Europ\u00e4ischer Burghauser Nachwuchs-Jazzpreis"},"content":{"rendered":"<p><span style=\"font-family: arial,helvetica,sans-serif; font-size: small;\">08.07.2015 &#8212; Anl\u00e4sslich der 47. Internationalen Jazzwoche vom 8. bis 13. M\u00e4rz 2016 schreibt die Interessengemeinschaft Jazz Burghausen e.V. in Zusammenarbeit mit der Stadt Burghausen den 8. Europ\u00e4ischen Burghauser Nachwuchs-Jazzpreis 2016 aus.<\/span><\/p>\n<p><strong><span style=\"font-family: arial,helvetica,sans-serif; font-size: small;\">08.07.2015 &#8212; Anl\u00e4sslich der 47. Internationalen Jazzwoche vom 8. bis 13. M\u00e4rz 2016 schreibt die Interessengemeinschaft Jazz Burghausen e.V. in Zusammenarbeit mit der Stadt Burghausen den 8. Europ\u00e4ischen Burghauser Nachwuchs-Jazzpreis 2016 aus.<\/span><\/strong><\/p>\n<p><span style=\"font-family: arial,helvetica,sans-serif; font-size: small;\">\u00a0<\/span><\/p>\n<p><span style=\"font-family: arial,helvetica,sans-serif; font-size: small;\">Der Preis wird j\u00e4hrlich vergeben. Bewerben k\u00f6nnen sich Combos (ab drei Musiker) und Big Bands in Europa. Die Teilnahme ist auf das H\u00f6chstalter von 30 Jahren beschr\u00e4nkt (Geburtsjahrgang 1986 und j\u00fcnger). Zugelassen sind alle Stile des Jazz. Der erste Platz ist mit 5000 Euro dotiert, der zweite mit 3000 Euro und der dritte mit 1000 Euro. Bewerbungsschluss ist der 8. Oktober 2015.<\/span><\/p>\n<p><span style=\"font-family: arial,helvetica,sans-serif; font-size: small;\">\u00a0<\/span><\/p>\n<p><span style=\"font-family: arial,helvetica,sans-serif; font-size: small;\">Die Jury besteht aus Joe Viera (Leitung Mitgr\u00fcnder der Internationalen Jazzwoche Burghausen), Roland Spiegel (Musikredakteur f\u00fcr Jazz und Klassik beim Bayerischen Rundfunk), Ralf Dombrowski (Musikjournalist), und Reinhard K\u00f6chl (Musikjournalist). <\/span><\/p>\n<p>\u00a0<\/p>\n<p><span style=\"font-family: arial,helvetica,sans-serif; font-size: small;\"><strong>Mehr Infos:<\/strong> <a href=\"http:\/\/www.b-jazz.com\" target=\"_blank\" rel=\"noopener noreferrer\">www.b-jazz.com<\/a><\/span><\/p>\n<p>\u00a0<\/p>\n","protected":false},"excerpt":{"rendered":"<p><span style=\"font-family: arial,helvetica,sans-serif; font-size: small;\">08.07.2015 &#8212; Anl\u00e4sslich der 47. Internationalen Jazzwoche vom 8. bis 13. M\u00e4rz 2016 schreibt die Interessengemeinschaft Jazz Burghausen e.V. in Zusammenarbeit mit der Stadt Burghausen den 8. Europ\u00e4ischen Burghauser Nachwuchs-Jazzpreis 2016 aus.<\/span><\/p>\n","protected":false},"author":1,"featured_media":0,"comment_status":"open","ping_status":"open","sticky":false,"template":"","format":"standard","meta":{"footnotes":""},"categories":[2],"tags":[],"class_list":["post-2421","post","type-post","status-publish","format-standard","hentry","category-nachrichten","entry"],"_links":{"self":[{"href":"https:\/\/codexflores.ch\/index.php\/wp-json\/wp\/v2\/posts\/2421","targetHints":{"allow":["GET"]}}],"collection":[{"href":"https:\/\/codexflores.ch\/index.php\/wp-json\/wp\/v2\/posts"}],"about":[{"href":"https:\/\/codexflores.ch\/index.php\/wp-json\/wp\/v2\/types\/post"}],"author":[{"embeddable":true,"href":"https:\/\/codexflores.ch\/index.php\/wp-json\/wp\/v2\/users\/1"}],"replies":[{"embeddable":true,"href":"https:\/\/codexflores.ch\/index.php\/wp-json\/wp\/v2\/comments?post=2421"}],"version-history":[{"count":0,"href":"https:\/\/codexflores.ch\/index.php\/wp-json\/wp\/v2\/posts\/2421\/revisions"}],"wp:attachment":[{"href":"https:\/\/codexflores.ch\/index.php\/wp-json\/wp\/v2\/media?parent=2421"}],"wp:term":[{"taxonomy":"category","embeddable":true,"href":"https:\/\/codexflores.ch\/index.php\/wp-json\/wp\/v2\/categories?post=2421"},{"taxonomy":"post_tag","embeddable":true,"href":"https:\/\/codexflores.ch\/index.php\/wp-json\/wp\/v2\/tags?post=2421"}],"curies":[{"name":"wp","href":"https:\/\/api.w.org\/{rel}","templated":true}]}}