{"id":2423,"date":"2015-07-08T06:13:09","date_gmt":"2015-07-08T06:13:09","guid":{"rendered":"https:\/\/codexflores.ch\/index.php\/2015\/07\/08\/ivan-fischers-vertrag-in-berlin-verlaengert\/"},"modified":"2015-07-08T06:13:09","modified_gmt":"2015-07-08T06:13:09","slug":"ivan-fischers-vertrag-in-berlin-verlaengert","status":"publish","type":"post","link":"https:\/\/codexflores.ch\/index.php\/2015\/07\/08\/ivan-fischers-vertrag-in-berlin-verlaengert\/","title":{"rendered":"Ivan Fischers Vertrag in Berlin verl\u00e4ngert"},"content":{"rendered":"<p><span style=\"font-family: arial,helvetica,sans-serif; font-size: small;\">08.07.2015 &#8212; Der Berliner Senat hat den Vertrag von Ivan Fischer als Musikdirektor des Konzerthauses Berlin und Chefdirigent des Konzerthausorchesters bis 2018 verl\u00e4ngert. Fischer ist seit September 2012 in dem Amt.<\/span><\/p>\n<p><span style=\"font-family: arial,helvetica,sans-serif; font-size: small;\"><strong>08.07.2015 &#8212; Der Berliner Senat hat den Vertrag von Ivan Fischer als Musikdirektor des Konzerthauses Berlin und Chefdirigent des Konzerthausorchesters bis 2018 verl\u00e4ngert. Fischer ist seit September 2012 in dem Amt.<\/strong><\/span><\/p>\n<p><span style=\"font-family: arial,helvetica,sans-serif; font-size: small;\">\u00a0<\/span><\/p>\n<p><span style=\"font-family: arial,helvetica,sans-serif; font-size: small;\">Zusammen mit dem Intendanten habe Fischer in den vergangenen drei Jahren das Programmprofil von Haus und Orchester neu gestaltet und gesch\u00e4rft, schreibt der Berliner Senat.<\/span><\/p>\n<p><span style=\"font-family: arial,helvetica,sans-serif; font-size: small;\">\u00a0<\/span><\/p>\n<p><span style=\"font-family: arial,helvetica,sans-serif; font-size: small;\">In der Saison 2015\/16 widmen sich Iv\u00e1n Fischer und das Konzerthausorchester Berlin neben Repertoirelieblingen wie Beethovens 5. Sinfonie, Strawinskys <em>Le sacre du printemps<\/em> oder Bachs h-Moll-Messe vor allem selten gespielten Meisterwerken des 20. Jahrhunderts, darunter Olivier Messiaens <em>Turangal\u00eela-Sinfonie<\/em> im Rahmen des Festivals Frankreich und das Konzert f\u00fcr Orchester von B\u00e9la Bart\u00f3k.<\/span><\/p>\n<p><span style=\"font-family: arial,helvetica,sans-serif; font-size: small;\">\u00a0<\/span><\/p>\n<p><span style=\"font-family: arial,helvetica,sans-serif; font-size: small;\">Im Juni 2016 stellt sich Iv\u00e1n Fischer zudem selbst als Komponist vor. Mitglieder des Konzerthausorchesters Berlin und des Budapest Festival Orchestra spielen eine Auswahl seiner neuesten Werke. <em>(cf)<\/em><\/span><\/p>\n<p><span style=\"font-family: arial,helvetica,sans-serif; font-size: small;\">\u00a0<\/span><\/p>\n<p>\u00a0<\/p>\n","protected":false},"excerpt":{"rendered":"<p><span style=\"font-family: arial,helvetica,sans-serif; font-size: small;\">08.07.2015 &#8212; Der Berliner Senat hat den Vertrag von Ivan Fischer als Musikdirektor des Konzerthauses Berlin und Chefdirigent des Konzerthausorchesters bis 2018 verl\u00e4ngert. Fischer ist seit September 2012 in dem Amt.<\/span><\/p>\n","protected":false},"author":1,"featured_media":0,"comment_status":"open","ping_status":"open","sticky":false,"template":"","format":"standard","meta":{"footnotes":""},"categories":[2],"tags":[],"class_list":["post-2423","post","type-post","status-publish","format-standard","hentry","category-nachrichten","entry"],"_links":{"self":[{"href":"https:\/\/codexflores.ch\/index.php\/wp-json\/wp\/v2\/posts\/2423","targetHints":{"allow":["GET"]}}],"collection":[{"href":"https:\/\/codexflores.ch\/index.php\/wp-json\/wp\/v2\/posts"}],"about":[{"href":"https:\/\/codexflores.ch\/index.php\/wp-json\/wp\/v2\/types\/post"}],"author":[{"embeddable":true,"href":"https:\/\/codexflores.ch\/index.php\/wp-json\/wp\/v2\/users\/1"}],"replies":[{"embeddable":true,"href":"https:\/\/codexflores.ch\/index.php\/wp-json\/wp\/v2\/comments?post=2423"}],"version-history":[{"count":0,"href":"https:\/\/codexflores.ch\/index.php\/wp-json\/wp\/v2\/posts\/2423\/revisions"}],"wp:attachment":[{"href":"https:\/\/codexflores.ch\/index.php\/wp-json\/wp\/v2\/media?parent=2423"}],"wp:term":[{"taxonomy":"category","embeddable":true,"href":"https:\/\/codexflores.ch\/index.php\/wp-json\/wp\/v2\/categories?post=2423"},{"taxonomy":"post_tag","embeddable":true,"href":"https:\/\/codexflores.ch\/index.php\/wp-json\/wp\/v2\/tags?post=2423"}],"curies":[{"name":"wp","href":"https:\/\/api.w.org\/{rel}","templated":true}]}}