{"id":2425,"date":"2015-07-09T06:53:18","date_gmt":"2015-07-09T06:53:18","guid":{"rendered":"https:\/\/codexflores.ch\/index.php\/2015\/07\/09\/alexander-pereira-mit-pro-arte-europapreis-geehrt\/"},"modified":"2015-07-09T06:53:18","modified_gmt":"2015-07-09T06:53:18","slug":"alexander-pereira-mit-pro-arte-europapreis-geehrt","status":"publish","type":"post","link":"https:\/\/codexflores.ch\/index.php\/2015\/07\/09\/alexander-pereira-mit-pro-arte-europapreis-geehrt\/","title":{"rendered":"Alexander Pereira mit Pro Arte Europapreis geehrt"},"content":{"rendered":"<p><span style=\"font-family: arial,helvetica,sans-serif; font-size: small;\">09.07.2015 &#8212; Der Scala-Intendant und fr\u00fchere Intendant des Z\u00fcrcher Opernhauses Alexander Pereira wird mit dem Pro Arte Europapreis 2015 des Herbert-Batliner-Europainstitutes ausgezeichnet.<\/span><\/p>\n<p><span style=\"font-family: arial,helvetica,sans-serif; font-size: small;\"><strong>09.07.2015 &#8212; Der Scala-Intendant und fr\u00fchere Intendant des Z\u00fcrcher Opernhauses Alexander Pereira wird mit dem Pro Arte Europapreis 2015 des Herbert-Batliner-Europainstitutes ausgezeichnet.<\/strong><\/span><\/p>\n<p><span style=\"font-family: arial,helvetica,sans-serif; font-size: small;\">\u00a0<\/span><\/p>\n<p><span style=\"font-family: arial,helvetica,sans-serif; font-size: small;\">Pereira sei eine gestaltende Pers\u00f6nlichkeit des internationalen Kulturlebens, die, \u00abwo immer er war und ist, pr\u00e4gend wirkt\u00bb, heisst es in der offiziellen Begr\u00fcndung des Institutes Er habe in Europa \u00abVoraussetzungen f\u00fcr die grenz\u00fcberschreitende Zusammenarbeit von K\u00fcnstlern geschaffen\u00bb. Sein Anspruch an Qualit\u00e4t sei beeindruckend und habe neue Massst\u00e4be gesetzt.<\/span><\/p>\n<p><span style=\"font-family: arial,helvetica,sans-serif; font-size: small;\">\u00a0<\/span><\/p>\n<p><span style=\"font-family: arial,helvetica,sans-serif; font-size: small;\">Das Herbert-Batliner-Europainstitut in Salzburg wurde 1997 gegr\u00fcndet und widmet sich der Erforschung der europ\u00e4ischen Politik, Geschichte und Kultur. Aufgabe des Institutes ist die Organisation und Durchf\u00fchrung von wissenschaftlichen Fachtagungen sowie die Publikation von Fachb\u00fcchern. Seit 2011 widmet sich das Herbert-Batliner-Europainstitut schwerpunktm\u00e4ssig dem Thema \u00abEurop\u00e4ische Kultur und europ\u00e4ische Identit\u00e4t\u00bb. <em>(cf) \u00a0<\/em><\/span><\/p>\n","protected":false},"excerpt":{"rendered":"<p><span style=\"font-family: arial,helvetica,sans-serif; font-size: small;\">09.07.2015 &#8212; Der Scala-Intendant und fr\u00fchere Intendant des Z\u00fcrcher Opernhauses Alexander Pereira wird mit dem Pro Arte Europapreis 2015 des Herbert-Batliner-Europainstitutes ausgezeichnet.<\/span><\/p>\n","protected":false},"author":1,"featured_media":0,"comment_status":"open","ping_status":"open","sticky":false,"template":"","format":"standard","meta":{"footnotes":""},"categories":[2],"tags":[],"class_list":["post-2425","post","type-post","status-publish","format-standard","hentry","category-nachrichten","entry"],"_links":{"self":[{"href":"https:\/\/codexflores.ch\/index.php\/wp-json\/wp\/v2\/posts\/2425","targetHints":{"allow":["GET"]}}],"collection":[{"href":"https:\/\/codexflores.ch\/index.php\/wp-json\/wp\/v2\/posts"}],"about":[{"href":"https:\/\/codexflores.ch\/index.php\/wp-json\/wp\/v2\/types\/post"}],"author":[{"embeddable":true,"href":"https:\/\/codexflores.ch\/index.php\/wp-json\/wp\/v2\/users\/1"}],"replies":[{"embeddable":true,"href":"https:\/\/codexflores.ch\/index.php\/wp-json\/wp\/v2\/comments?post=2425"}],"version-history":[{"count":0,"href":"https:\/\/codexflores.ch\/index.php\/wp-json\/wp\/v2\/posts\/2425\/revisions"}],"wp:attachment":[{"href":"https:\/\/codexflores.ch\/index.php\/wp-json\/wp\/v2\/media?parent=2425"}],"wp:term":[{"taxonomy":"category","embeddable":true,"href":"https:\/\/codexflores.ch\/index.php\/wp-json\/wp\/v2\/categories?post=2425"},{"taxonomy":"post_tag","embeddable":true,"href":"https:\/\/codexflores.ch\/index.php\/wp-json\/wp\/v2\/tags?post=2425"}],"curies":[{"name":"wp","href":"https:\/\/api.w.org\/{rel}","templated":true}]}}