{"id":2427,"date":"2015-07-09T09:43:37","date_gmt":"2015-07-09T09:43:37","guid":{"rendered":"https:\/\/codexflores.ch\/index.php\/2015\/07\/09\/rueckblick-auf-die-stubete-am-see-2014\/"},"modified":"2015-07-09T09:43:37","modified_gmt":"2015-07-09T09:43:37","slug":"rueckblick-auf-die-stubete-am-see-2014","status":"publish","type":"post","link":"https:\/\/codexflores.ch\/index.php\/2015\/07\/09\/rueckblick-auf-die-stubete-am-see-2014\/","title":{"rendered":"R\u00fcckblick auf die Stubete am See 2014"},"content":{"rendered":"<p><span style=\"font-family: arial,helvetica,sans-serif; font-size: small;\"><img loading=\"lazy\" decoding=\"async\" src=\"images\/bilder2015\/150703stubete3.png\" border=\"0\" alt=\"Cover CD\" width=\"100\" height=\"100\" style=\"float: left; margin: 8px;\" \/>09.07.2015 \u2013 Die n\u00e4chste \u00abStubete am See\u00bb, das massgebende Schweizer Versuchslabor f\u00fcr Neue Volksmusik, gibt\u2019s in der Z\u00fcrcher Tonhalle 2016. Im festivalfreien Jahr kann man sich an den R\u00fcckblick auf die letzte Ausgabe halten, die auch denen, die den Anlass besucht haben, noch einiges zum (wieder-)entdecken bieten d\u00fcrfte. Die Bandbreite ist gross. Sie reicht von vielf\u00e4ltigen Ann\u00e4herungen an Instrumente und Melodiensammlungen der Geschichte \u2012 etwa durch den Halszitherspieler Christoph Greuter oder das Ensemble Radix \u2012 \u00fcber die Erkundung zahlreicher Schnittstellen zu volkst\u00fcmlichen Traditionen anderer V\u00f6lker wie dem Tango, der Blasmusik des Balkans oder dem Blues bis zu ambiti\u00f6sen Grossformationen. Zu h\u00f6ren sind auch Ausschnitte aus der Urauff\u00fchrung einer Auftragsarbeit f\u00fcr das Hausensemble des Festivals, dem L\u00e4ndlerorchester, f\u00fcr das erstmals ein Tonsch\u00f6pfer im Ausland, der Wiener Tommaso Huber, einen Beitrag verfasst hat.<\/span><\/p>\n<p>\u00a0<span style=\"font-family: arial,helvetica,sans-serif; font-size: small;\"><span style=\"font-family: arial,helvetica,sans-serif; font-size: small;\"><img loading=\"lazy\" decoding=\"async\" src=\"images\/bilder2015\/150703stubete3.png\" border=\"0\" alt=\"Cover CD\" width=\"100\" height=\"100\" style=\"float: left; margin: 8px;\" \/>09.07.2015 \u2013 Die n\u00e4chste \u00abStubete am See\u00bb, das massgebende Schweizer Versuchslabor f\u00fcr Neue Volksmusik, gibt\u2019s in der Z\u00fcrcher Tonhalle 2016. Im festivalfreien Jahr kann man sich an den R\u00fcckblick auf die letzte Ausgabe halten, die auch denen, die den Anlass besucht haben, noch einiges zum (wieder-)entdecken bieten d\u00fcrfte. Die Bandbreite ist gross. Sie reicht von vielf\u00e4ltigen Ann\u00e4herungen an Instrumente und Melodiensammlungen der Geschichte \u2012 etwa durch den Halszitherspieler Christoph Greuter oder das Ensemble Radix \u2012 \u00fcber die Erkundung zahlreicher Schnittstellen zu volkst\u00fcmlichen Traditionen anderer V\u00f6lker wie dem Tango, der Blasmusik des Balkans oder dem Blues bis zu ambiti\u00f6sen Grossformationen. Zu h\u00f6ren sind auch Ausschnitte aus der Urauff\u00fchrung einer Auftragsarbeit f\u00fcr das Hausensemble des Festivals, dem L\u00e4ndlerorchester, f\u00fcr das erstmals ein Tonsch\u00f6pfer im Ausland, der Wiener Tommaso Huber, einen Beitrag verfasst hat.<\/span><\/span><\/p>\n<p><span style=\"font-family: arial,helvetica,sans-serif; font-size: small;\">\u00a0<\/span><\/p>\n<p><span style=\"font-family: arial,helvetica,sans-serif; font-size: small;\">Die Stubete am See ist 2014 nach 2008, 2010 und 2012 zum vierten Mal in und um die Z\u00fcrcher Tonhalle durchgef\u00fchrt worden. Das Treffen der Repr\u00e4sentanten der Neuen Schweizer Volksmusik legt einen Schwerpunkt auf die Instrumentalmusik und die Verbindungen zur klassischen Musik und bietet Raum f\u00fcr allerlei anregende Experimente. Sie versteht sich als Br\u00fcckenschlag zwischen Schweizer Volksmusik und europ\u00e4ischer Kunstmusik und stellt ein \u00abL\u00e4ndlerorchester\u00bb, f\u00fcr den sie jeweils einen Kompositionsauftrag vergibt.<em> (cf)<\/em><\/span><\/p>\n<p><span style=\"font-family: arial,helvetica,sans-serif; font-size: small;\"><em>\u00a0<\/em><\/span><\/p>\n<p><span style=\"font-family: arial,helvetica,sans-serif; font-size: small;\"><strong>Info: <\/strong>\u00a0Stubete am See, Festival 2014, Musiques Suisses, MGB-NV 29. Bezugshinweis:<br \/> <a href=\"https:\/\/www.musiques-suisses.ch\/de\/Stubete-am-See\/Festival-2014\/id\/615\" target=\"_blank\" rel=\"noopener noreferrer\">www.musiques-suisses.ch<\/a><br \/><\/span><\/p>\n<p><span style=\"font-family: arial,helvetica,sans-serif; font-size: small;\"><br \/>Ein Codex-flores-Bericht zur Stubete am See 2014 findet sich <a href=\"http:\/\/www.codexflores.ch\/index.php\/component\/content\/article\/9-im-gespraech\/2425-rueckblick-auf-die-stubete-am-see-2014\">hier<\/a>\u00a0 <\/span><\/p>\n","protected":false},"excerpt":{"rendered":"<p><span style=\"font-family: arial,helvetica,sans-serif; font-size: small;\"><img loading=\"lazy\" decoding=\"async\" src=\"images\/bilder2015\/150703stubete3.png\" border=\"0\" alt=\"Cover CD\" width=\"100\" height=\"100\" style=\"float: left; margin: 8px;\" \/>09.07.2015 \u2013 Die n\u00e4chste \u00abStubete am See\u00bb, das massgebende Schweizer Versuchslabor f\u00fcr Neue Volksmusik, gibt\u2019s in der Z\u00fcrcher Tonhalle 2016. Im festivalfreien Jahr kann man sich an den R\u00fcckblick auf die letzte Ausgabe halten, die auch denen, die den Anlass besucht haben, noch einiges zum (wieder-)entdecken bieten d\u00fcrfte. Die Bandbreite ist gross. Sie reicht von vielf\u00e4ltigen Ann\u00e4herungen an Instrumente und Melodiensammlungen der Geschichte \u2012 etwa durch den Halszitherspieler Christoph Greuter oder das Ensemble Radix \u2012 \u00fcber die Erkundung zahlreicher Schnittstellen zu volkst\u00fcmlichen Traditionen anderer V\u00f6lker wie dem Tango, der Blasmusik des Balkans oder dem Blues bis zu ambiti\u00f6sen Grossformationen. Zu h\u00f6ren sind auch Ausschnitte aus der Urauff\u00fchrung einer Auftragsarbeit f\u00fcr das Hausensemble des Festivals, dem L\u00e4ndlerorchester, f\u00fcr das erstmals ein Tonsch\u00f6pfer im Ausland, der Wiener Tommaso Huber, einen Beitrag verfasst hat.<\/span><\/p>\n","protected":false},"author":1,"featured_media":0,"comment_status":"open","ping_status":"open","sticky":false,"template":"","format":"standard","meta":{"footnotes":""},"categories":[4],"tags":[],"class_list":["post-2427","post","type-post","status-publish","format-standard","hentry","category-im-gespraech","entry"],"_links":{"self":[{"href":"https:\/\/codexflores.ch\/index.php\/wp-json\/wp\/v2\/posts\/2427","targetHints":{"allow":["GET"]}}],"collection":[{"href":"https:\/\/codexflores.ch\/index.php\/wp-json\/wp\/v2\/posts"}],"about":[{"href":"https:\/\/codexflores.ch\/index.php\/wp-json\/wp\/v2\/types\/post"}],"author":[{"embeddable":true,"href":"https:\/\/codexflores.ch\/index.php\/wp-json\/wp\/v2\/users\/1"}],"replies":[{"embeddable":true,"href":"https:\/\/codexflores.ch\/index.php\/wp-json\/wp\/v2\/comments?post=2427"}],"version-history":[{"count":0,"href":"https:\/\/codexflores.ch\/index.php\/wp-json\/wp\/v2\/posts\/2427\/revisions"}],"wp:attachment":[{"href":"https:\/\/codexflores.ch\/index.php\/wp-json\/wp\/v2\/media?parent=2427"}],"wp:term":[{"taxonomy":"category","embeddable":true,"href":"https:\/\/codexflores.ch\/index.php\/wp-json\/wp\/v2\/categories?post=2427"},{"taxonomy":"post_tag","embeddable":true,"href":"https:\/\/codexflores.ch\/index.php\/wp-json\/wp\/v2\/tags?post=2427"}],"curies":[{"name":"wp","href":"https:\/\/api.w.org\/{rel}","templated":true}]}}