{"id":2429,"date":"2015-07-10T05:57:14","date_gmt":"2015-07-10T05:57:14","guid":{"rendered":"https:\/\/codexflores.ch\/index.php\/2015\/07\/10\/abschluss-einer-pachelbel-gesamtausgabe\/"},"modified":"2015-07-10T05:57:14","modified_gmt":"2015-07-10T05:57:14","slug":"abschluss-einer-pachelbel-gesamtausgabe","status":"publish","type":"post","link":"https:\/\/codexflores.ch\/index.php\/2015\/07\/10\/abschluss-einer-pachelbel-gesamtausgabe\/","title":{"rendered":"Abschluss einer Pachelbel-Gesamtausgabe"},"content":{"rendered":"<p><span style=\"font-family: arial,helvetica,sans-serif; font-size: small;\">10.07.2015 &#8212; Mit dem dritten Band der Magnificat-Kompositionen hat der B\u00e4renreiter-Verlag die Ausgabe S\u00e4mtlicher Vokalwerke des Barockkomponisten Johann Pachelbel (1653\u20131706) abgeschlossen.<\/span><\/p>\n<p><span style=\"font-family: arial,helvetica,sans-serif; font-size: small;\"><strong>10.07.2015 &#8212; Mit dem dritten Band der Magnificat-Kompositionen hat der B\u00e4renreiter-Verlag die Ausgabe S\u00e4mtlicher Vokalwerke des Barockkomponisten Johann Pachelbel (1653\u20131706) abgeschlossen.<\/strong><\/span><\/p>\n<p><span style=\"font-family: arial,helvetica,sans-serif; font-size: small;\">\u00a0<\/span><\/p>\n<p><span style=\"font-family: arial,helvetica,sans-serif; font-size: small;\">In elf B\u00e4nden sind neben den Magnificat-Vertonungen alle Messen, Vokalconcerti, Ingressus-Werke und Arien auf dem neuesten Stand der Quellenkenntnis ediert. Damit werde ein bedeutender Werkkomplex Pachelbels, der immer noch eher durch seine Orgelwerke und den unsterblichen Kanon bekannt sei, f\u00fcr Ch\u00f6re und die Forschung zug\u00e4nglich gemacht, schreibt der Verlag. <\/span><\/p>\n<p>\u00a0<\/p>\n<p><span style=\"font-family: arial,helvetica,sans-serif; font-size: small;\">Er werde, \u00abwo immer es sinnvoll erscheint, auf der Grundlage dieser kritischen Edition praktische Ausgaben ver\u00f6ffentlichen\u00bb, schreibt B\u00e4renreiter weiter. Der Abschluss der Edition wird vom 10. bis 12. Juli 2015 im Rahmen des Festivals Musica franconia mit drei Konzerten und einem Gottesdienst gefeiert. <em>(cf)<\/em><\/span><\/p>\n<p><span style=\"font-family: arial,helvetica,sans-serif; font-size: small;\">\u00a0<\/span><\/p>\n","protected":false},"excerpt":{"rendered":"<p><span style=\"font-family: arial,helvetica,sans-serif; font-size: small;\">10.07.2015 &#8212; Mit dem dritten Band der Magnificat-Kompositionen hat der B\u00e4renreiter-Verlag die Ausgabe S\u00e4mtlicher Vokalwerke des Barockkomponisten Johann Pachelbel (1653\u20131706) abgeschlossen.<\/span><\/p>\n","protected":false},"author":1,"featured_media":0,"comment_status":"open","ping_status":"open","sticky":false,"template":"","format":"standard","meta":{"footnotes":""},"categories":[2],"tags":[],"class_list":["post-2429","post","type-post","status-publish","format-standard","hentry","category-nachrichten","entry"],"_links":{"self":[{"href":"https:\/\/codexflores.ch\/index.php\/wp-json\/wp\/v2\/posts\/2429","targetHints":{"allow":["GET"]}}],"collection":[{"href":"https:\/\/codexflores.ch\/index.php\/wp-json\/wp\/v2\/posts"}],"about":[{"href":"https:\/\/codexflores.ch\/index.php\/wp-json\/wp\/v2\/types\/post"}],"author":[{"embeddable":true,"href":"https:\/\/codexflores.ch\/index.php\/wp-json\/wp\/v2\/users\/1"}],"replies":[{"embeddable":true,"href":"https:\/\/codexflores.ch\/index.php\/wp-json\/wp\/v2\/comments?post=2429"}],"version-history":[{"count":0,"href":"https:\/\/codexflores.ch\/index.php\/wp-json\/wp\/v2\/posts\/2429\/revisions"}],"wp:attachment":[{"href":"https:\/\/codexflores.ch\/index.php\/wp-json\/wp\/v2\/media?parent=2429"}],"wp:term":[{"taxonomy":"category","embeddable":true,"href":"https:\/\/codexflores.ch\/index.php\/wp-json\/wp\/v2\/categories?post=2429"},{"taxonomy":"post_tag","embeddable":true,"href":"https:\/\/codexflores.ch\/index.php\/wp-json\/wp\/v2\/tags?post=2429"}],"curies":[{"name":"wp","href":"https:\/\/api.w.org\/{rel}","templated":true}]}}