{"id":2433,"date":"2015-07-13T06:03:28","date_gmt":"2015-07-13T06:03:28","guid":{"rendered":"https:\/\/codexflores.ch\/index.php\/2015\/07\/13\/levine-darf-nicht-fliegen-auch-nicht-ans-verbier-festival\/"},"modified":"2015-07-13T06:03:28","modified_gmt":"2015-07-13T06:03:28","slug":"levine-darf-nicht-fliegen-auch-nicht-ans-verbier-festival","status":"publish","type":"post","link":"https:\/\/codexflores.ch\/index.php\/2015\/07\/13\/levine-darf-nicht-fliegen-auch-nicht-ans-verbier-festival\/","title":{"rendered":"Levine darf nicht fliegen &#8211; auch nicht ans Verbier Festival"},"content":{"rendered":"<p><span style=\"font-family: arial,helvetica,sans-serif; font-size: small;\">13.07.2015 &#8212; Eine schwere Ohrenentz\u00fcndung hindert den amerikanischen Dirigenten James Levine am Fliegen. Er muss deshalb seinen Auftritt zur Er\u00f6ffnung des Verbier Festivals absagen.\u00a0Esa-Pekka Salonen springt f\u00fcr ihn ein.<\/span><\/p>\n<p><span style=\"font-family: arial,helvetica,sans-serif; font-size: small;\"><strong>13.07.2015 &#8212; Eine schwere Ohrenentz\u00fcndung hindert den amerikanischen Dirigenten James Levine am Fliegen. Er muss deshalb seinen Auftritt zur Er\u00f6ffnung des Verbier Festivals absagen.\u00a0<span class=\"csB89BF180\">Esa-Pekka Salonen springt f\u00fcr ihn ein.<\/span><\/strong><\/span><\/p>\n<p>\u00a0<\/p>\n<p><span style=\"font-family: arial,helvetica,sans-serif; font-size: small;\">Die \u00c4rzte h\u00e4tten ihm zu seinem gr\u00f6ssten Bedauern wegen der Ohrenentz\u00fcndung, mit der es Komplikationen gegeben habe, verboten, in den n\u00e4chsten Tagen in ein Flugzeug zu steigen, teilt Levine dem Festival mit.<\/span><\/p>\n<p>\u00a0<\/p>\n<p><span style=\"font-family: arial,helvetica,sans-serif; font-size: small;\">Esa-Pekka Salonen unterbreche f\u00fcr seinen Sondereinsatz seinen Urlaub, teilt das Verbier Festival weiter mit. Eintrittskarten w\u00fcrden nicht zur\u00fcckerstattet. Sie k\u00f6nnen jedoch falls gew\u00fcnscht gegen Karten f\u00fcr ein anderes Konzert des 22. Verbier Festivals eingetauscht werden. <em>(cf)<\/em><\/span><\/p>\n","protected":false},"excerpt":{"rendered":"<p><span style=\"font-family: arial,helvetica,sans-serif; font-size: small;\">13.07.2015 &#8212; Eine schwere Ohrenentz\u00fcndung hindert den amerikanischen Dirigenten James Levine am Fliegen. Er muss deshalb seinen Auftritt zur Er\u00f6ffnung des Verbier Festivals absagen.\u00a0Esa-Pekka Salonen springt f\u00fcr ihn ein.<\/span><\/p>\n","protected":false},"author":1,"featured_media":0,"comment_status":"open","ping_status":"open","sticky":false,"template":"","format":"standard","meta":{"footnotes":""},"categories":[2],"tags":[],"class_list":["post-2433","post","type-post","status-publish","format-standard","hentry","category-nachrichten","entry"],"_links":{"self":[{"href":"https:\/\/codexflores.ch\/index.php\/wp-json\/wp\/v2\/posts\/2433","targetHints":{"allow":["GET"]}}],"collection":[{"href":"https:\/\/codexflores.ch\/index.php\/wp-json\/wp\/v2\/posts"}],"about":[{"href":"https:\/\/codexflores.ch\/index.php\/wp-json\/wp\/v2\/types\/post"}],"author":[{"embeddable":true,"href":"https:\/\/codexflores.ch\/index.php\/wp-json\/wp\/v2\/users\/1"}],"replies":[{"embeddable":true,"href":"https:\/\/codexflores.ch\/index.php\/wp-json\/wp\/v2\/comments?post=2433"}],"version-history":[{"count":0,"href":"https:\/\/codexflores.ch\/index.php\/wp-json\/wp\/v2\/posts\/2433\/revisions"}],"wp:attachment":[{"href":"https:\/\/codexflores.ch\/index.php\/wp-json\/wp\/v2\/media?parent=2433"}],"wp:term":[{"taxonomy":"category","embeddable":true,"href":"https:\/\/codexflores.ch\/index.php\/wp-json\/wp\/v2\/categories?post=2433"},{"taxonomy":"post_tag","embeddable":true,"href":"https:\/\/codexflores.ch\/index.php\/wp-json\/wp\/v2\/tags?post=2433"}],"curies":[{"name":"wp","href":"https:\/\/api.w.org\/{rel}","templated":true}]}}