{"id":2435,"date":"2015-07-14T05:51:02","date_gmt":"2015-07-14T05:51:02","guid":{"rendered":"https:\/\/codexflores.ch\/index.php\/2015\/07\/14\/rheingau-musik-festival-reagiert-auf-den-tod-weigles\/"},"modified":"2015-07-14T05:51:02","modified_gmt":"2015-07-14T05:51:02","slug":"rheingau-musik-festival-reagiert-auf-den-tod-weigles","status":"publish","type":"post","link":"https:\/\/codexflores.ch\/index.php\/2015\/07\/14\/rheingau-musik-festival-reagiert-auf-den-tod-weigles\/","title":{"rendered":"Rheingau Musik Festival reagiert auf den Tod Weigles"},"content":{"rendered":"<p><span style=\"font-family: arial,helvetica,sans-serif; font-size: small;\">14.07.2015 &#8212; Nach dem Tod seines Bratschisten Friedemann Weigle hat das Artemis Quartett sein Konzert beim Rheingau Musik Festival vom 24. Juli abgesagt. Das Festival gedenkt ihm nun mit der Verpflichtung des Armida Quartett, das als\u00a0\u00abInbegriff des Artemis-Nachwuchses\u00bb gelte.<\/span><\/p>\n<p><span style=\"font-family: arial,helvetica,sans-serif; font-size: small;\"><strong> <span style=\"font-family: arial,helvetica,sans-serif; font-size: small;\">14.07.2015 &#8212; <\/span>Nach dem Tod seines Bratschisten Friedemann Weigle hat das Artemis Quartett sein Konzert beim Rheingau Musik Festival vom 24. Juli abgesagt. Das Festival gedenkt ihm nun mit der Verpflichtung des Armida Quartett, das als\u00a0\u00abInbegriff des Artemis-Nachwuchses\u00bb gelte.<\/strong><\/span><\/p>\n<p><span style=\"font-family: arial,helvetica,sans-serif; font-size: small;\">\u00a0<\/span><\/p>\n<p><span style=\"font-family: arial,helvetica,sans-serif; font-size: small;\">\u00abIm Andenken an das besondere k\u00fcnstlerische Wirken von Friedemann Weigle\u00bb habe das Festival sich entschieden, f\u00fcr den Konzertabend das junge Armida Quartett zu verpflichten, dessen Wege sich in vielf\u00e4ltiger Weise mit dem verstorbenen K\u00fcnstler und seinen Quartettkollegen gekreuzt h\u00e4tten: Es gelte in der Kammermusikszene als Inbegriff des Artemis-Nachwuchses. <\/span><\/p>\n<p>\u00a0<\/p>\n<p><span style=\"font-family: arial,helvetica,sans-serif; font-size: small;\">\u00c4hnlich wie seinerzeit das Artemis Quartett habe das Armida Quartett durch den Gewinn des ARD-Musikwettbewerbs im Jahr 2012 internationale Aufmerksamkeit erregt. Es spielt am Festival Werke von Beethoven (Quartetto serioso), Schostakowitsch (Streichquartett Nr. 10) und Schubert (Streichquartett Nr. 15). <em>(cf)<\/em><\/span><\/p>\n","protected":false},"excerpt":{"rendered":"<p><span style=\"font-family: arial,helvetica,sans-serif; font-size: small;\">14.07.2015 &#8212; Nach dem Tod seines Bratschisten Friedemann Weigle hat das Artemis Quartett sein Konzert beim Rheingau Musik Festival vom 24. Juli abgesagt. Das Festival gedenkt ihm nun mit der Verpflichtung des Armida Quartett, das als\u00a0\u00abInbegriff des Artemis-Nachwuchses\u00bb gelte.<\/span><\/p>\n","protected":false},"author":1,"featured_media":0,"comment_status":"open","ping_status":"open","sticky":false,"template":"","format":"standard","meta":{"footnotes":""},"categories":[2],"tags":[],"class_list":["post-2435","post","type-post","status-publish","format-standard","hentry","category-nachrichten","entry"],"_links":{"self":[{"href":"https:\/\/codexflores.ch\/index.php\/wp-json\/wp\/v2\/posts\/2435","targetHints":{"allow":["GET"]}}],"collection":[{"href":"https:\/\/codexflores.ch\/index.php\/wp-json\/wp\/v2\/posts"}],"about":[{"href":"https:\/\/codexflores.ch\/index.php\/wp-json\/wp\/v2\/types\/post"}],"author":[{"embeddable":true,"href":"https:\/\/codexflores.ch\/index.php\/wp-json\/wp\/v2\/users\/1"}],"replies":[{"embeddable":true,"href":"https:\/\/codexflores.ch\/index.php\/wp-json\/wp\/v2\/comments?post=2435"}],"version-history":[{"count":0,"href":"https:\/\/codexflores.ch\/index.php\/wp-json\/wp\/v2\/posts\/2435\/revisions"}],"wp:attachment":[{"href":"https:\/\/codexflores.ch\/index.php\/wp-json\/wp\/v2\/media?parent=2435"}],"wp:term":[{"taxonomy":"category","embeddable":true,"href":"https:\/\/codexflores.ch\/index.php\/wp-json\/wp\/v2\/categories?post=2435"},{"taxonomy":"post_tag","embeddable":true,"href":"https:\/\/codexflores.ch\/index.php\/wp-json\/wp\/v2\/tags?post=2435"}],"curies":[{"name":"wp","href":"https:\/\/api.w.org\/{rel}","templated":true}]}}