{"id":2437,"date":"2015-07-15T06:13:42","date_gmt":"2015-07-15T06:13:42","guid":{"rendered":"https:\/\/codexflores.ch\/index.php\/2015\/07\/15\/elina-garanca-sagt-zugunsten-der-familie-auftritte-ab\/"},"modified":"2015-07-15T06:13:42","modified_gmt":"2015-07-15T06:13:42","slug":"elina-garanca-sagt-zugunsten-der-familie-auftritte-ab","status":"publish","type":"post","link":"https:\/\/codexflores.ch\/index.php\/2015\/07\/15\/elina-garanca-sagt-zugunsten-der-familie-auftritte-ab\/","title":{"rendered":"El\u012bna Garan\u010da sagt zugunsten der Familie Auftritte ab"},"content":{"rendered":"<p><span style=\"font-family: arial,helvetica,sans-serif; font-size: small;\">15.07.2015 &#8212; Die lettische Mezzosopranistin El\u012bna Garan\u010da sagt ihre beruflichen Engagements bis auf weiteres ab. Dies betrifft auch Engagements bei den Salzburger Festspielen. Die S\u00e4ngerin will an der Seite ihrer schwerkranken Mutter bleiben.<\/span><\/p>\n<p><span style=\"font-family: arial,helvetica,sans-serif; font-size: small;\"><strong>15.07.2015 &#8212; Die lettische Mezzosopranistin El\u012bna Garan\u010da sagt ihre beruflichen Engagements bis auf weiteres ab. Dies betrifft auch Engagements bei den Salzburger Festspielen. Die S\u00e4ngerin will an der Seite ihrer schwerkranken Mutter bleiben.<\/strong><\/span><\/p>\n<p><span style=\"font-family: arial,helvetica,sans-serif; font-size: small;\">\u00a0<\/span><\/p>\n<p><span style=\"font-family: arial,helvetica,sans-serif; font-size: small;\">Die Auftritte bei den Salzburger Festspielen in diesem Sommer hat Garan\u010da laut einer Medienmitteilung der Festspiele mit folgenden Worten abgesagt: \u00abAus sehr pers\u00f6nlichen Gr\u00fcnden muss ich meine beruflichen Engagements bis auf weiteres absagen. Meine Mutter leidet an Krebs im Endstadium, weshalb ich in Riga an ihrer Seite bleiben werde. Die Unannehmlichkeiten, die dies verursacht, bedaure ich sehr und bitte um Ihr Verst\u00e4ndnis in dieser sehr schwierigen Zeit.\u00bb<\/span><\/p>\n<p><span style=\"font-family: arial,helvetica,sans-serif; font-size: small;\">\u00a0<\/span><\/p>\n<p><span style=\"font-family: arial,helvetica,sans-serif; font-size: small;\">Garan\u010das Salzburger Liederabend vom 7. August \u00fcbernimmt Elisabeth Kulman. Gemeinsam mit ihrem Pianisten Eduard Kutrowatz pr\u00e4sentiert sie Werke von Liszt, Wagner, Schumann und Schubert. Garan\u010da Rolle der Charlotte in Jules Massenets <em>Werther<\/em> \u00fcbernimmt Angela Gheorghiu. <em>(cf)<\/em><\/span><\/p>\n<p><span style=\"font-family: arial,helvetica,sans-serif; font-size: small;\">\u00a0<\/span><\/p>\n<p>\u00a0<\/p>\n","protected":false},"excerpt":{"rendered":"<p><span style=\"font-family: arial,helvetica,sans-serif; font-size: small;\">15.07.2015 &#8212; Die lettische Mezzosopranistin El\u012bna Garan\u010da sagt ihre beruflichen Engagements bis auf weiteres ab. Dies betrifft auch Engagements bei den Salzburger Festspielen. Die S\u00e4ngerin will an der Seite ihrer schwerkranken Mutter bleiben.<\/span><\/p>\n","protected":false},"author":1,"featured_media":0,"comment_status":"open","ping_status":"open","sticky":false,"template":"","format":"standard","meta":{"footnotes":""},"categories":[2],"tags":[],"class_list":["post-2437","post","type-post","status-publish","format-standard","hentry","category-nachrichten","entry"],"_links":{"self":[{"href":"https:\/\/codexflores.ch\/index.php\/wp-json\/wp\/v2\/posts\/2437","targetHints":{"allow":["GET"]}}],"collection":[{"href":"https:\/\/codexflores.ch\/index.php\/wp-json\/wp\/v2\/posts"}],"about":[{"href":"https:\/\/codexflores.ch\/index.php\/wp-json\/wp\/v2\/types\/post"}],"author":[{"embeddable":true,"href":"https:\/\/codexflores.ch\/index.php\/wp-json\/wp\/v2\/users\/1"}],"replies":[{"embeddable":true,"href":"https:\/\/codexflores.ch\/index.php\/wp-json\/wp\/v2\/comments?post=2437"}],"version-history":[{"count":0,"href":"https:\/\/codexflores.ch\/index.php\/wp-json\/wp\/v2\/posts\/2437\/revisions"}],"wp:attachment":[{"href":"https:\/\/codexflores.ch\/index.php\/wp-json\/wp\/v2\/media?parent=2437"}],"wp:term":[{"taxonomy":"category","embeddable":true,"href":"https:\/\/codexflores.ch\/index.php\/wp-json\/wp\/v2\/categories?post=2437"},{"taxonomy":"post_tag","embeddable":true,"href":"https:\/\/codexflores.ch\/index.php\/wp-json\/wp\/v2\/tags?post=2437"}],"curies":[{"name":"wp","href":"https:\/\/api.w.org\/{rel}","templated":true}]}}