{"id":2440,"date":"2015-07-16T05:57:35","date_gmt":"2015-07-16T05:57:35","guid":{"rendered":"https:\/\/codexflores.ch\/index.php\/2015\/07\/16\/erhalt-des-musikgedaechtnisses-bei-alzheimer\/"},"modified":"2015-07-16T05:57:35","modified_gmt":"2015-07-16T05:57:35","slug":"erhalt-des-musikgedaechtnisses-bei-alzheimer","status":"publish","type":"post","link":"https:\/\/codexflores.ch\/index.php\/2015\/07\/16\/erhalt-des-musikgedaechtnisses-bei-alzheimer\/","title":{"rendered":"Erhalt des Musikged\u00e4chtnisses bei Alzheimer"},"content":{"rendered":"<p><span style=\"font-family: arial,helvetica,sans-serif; font-size: small;\">16.07.2015 &#8212; Max-Planck-Forscher decken anatomische Gr\u00fcnde f\u00fcr Erhalt des Musikged\u00e4chtnisses bei Alzheimer-Patienten auf.<\/span><\/p>\n<p><span style=\"font-family: arial,helvetica,sans-serif; font-size: small;\"><strong>16.07.2015 &#8212; Max-Planck-Forscher decken anatomische Gr\u00fcnde f\u00fcr Erhalt des Musikged\u00e4chtnisses bei Alzheimer-Patienten auf.<\/strong><\/span><\/p>\n<p><span style=\"font-family: arial,helvetica,sans-serif; font-size: small;\">\u00a0<\/span><\/p>\n<p><span style=\"font-family: arial,helvetica,sans-serif; font-size: small;\">Wissenschaftler des Max-Planck-Instituts f\u00fcr Kognitions- und Neurowissenschaften in Leipzig, der Universit\u00e4t Amsterdam und des INSERM Caen haben mit einer neuen Studie erstmals das Musikged\u00e4chtnis lokalisiert und gezeigt, dass dieses Gehirnareal w\u00e4hrend der fortschreitenden Degenerierung des Gehirns bei Alzheimer-Patienten weitgehend erhalten bleibt.<\/span><\/p>\n<p><span style=\"font-family: arial,helvetica,sans-serif; font-size: small;\">\u00a0<\/span><\/p>\n<p><span style=\"font-family: arial,helvetica,sans-serif; font-size: small;\">Die Ergebnisse der Untersuchungen deuten daraufhin, dass das Langzeit-Musikged\u00e4chtnis bei Alzheimer-Patienten im Vergleich zum Kurzzeitged\u00e4chtnis, dem autobiografischen Langzeitged\u00e4chtnis oder Sprache besser erhalten bleibt. Deshalb funktioniert es m\u00f6glicherweise auch in sp\u00e4teren Stadien der Krankheit noch weitestgehend.<\/span><\/p>\n<p>\u00a0<\/p>\n<p><span style=\"font-family: arial,helvetica,sans-serif; font-size: small;\">Mehr Infos:\u00a0<a href=\"http:\/\/www.mpg.de\/9259430\/musikgedaechtnis-alzheimer\" target=\"_blank\" rel=\"noopener noreferrer\">www.mpg.de\/9259430\/musikgedaechtnis-alzheimer<\/a><\/span><\/p>\n","protected":false},"excerpt":{"rendered":"<p><span style=\"font-family: arial,helvetica,sans-serif; font-size: small;\">16.07.2015 &#8212; Max-Planck-Forscher decken anatomische Gr\u00fcnde f\u00fcr Erhalt des Musikged\u00e4chtnisses bei Alzheimer-Patienten auf.<\/span><\/p>\n","protected":false},"author":1,"featured_media":0,"comment_status":"open","ping_status":"open","sticky":false,"template":"","format":"standard","meta":{"footnotes":""},"categories":[2],"tags":[],"class_list":["post-2440","post","type-post","status-publish","format-standard","hentry","category-nachrichten","entry"],"_links":{"self":[{"href":"https:\/\/codexflores.ch\/index.php\/wp-json\/wp\/v2\/posts\/2440","targetHints":{"allow":["GET"]}}],"collection":[{"href":"https:\/\/codexflores.ch\/index.php\/wp-json\/wp\/v2\/posts"}],"about":[{"href":"https:\/\/codexflores.ch\/index.php\/wp-json\/wp\/v2\/types\/post"}],"author":[{"embeddable":true,"href":"https:\/\/codexflores.ch\/index.php\/wp-json\/wp\/v2\/users\/1"}],"replies":[{"embeddable":true,"href":"https:\/\/codexflores.ch\/index.php\/wp-json\/wp\/v2\/comments?post=2440"}],"version-history":[{"count":0,"href":"https:\/\/codexflores.ch\/index.php\/wp-json\/wp\/v2\/posts\/2440\/revisions"}],"wp:attachment":[{"href":"https:\/\/codexflores.ch\/index.php\/wp-json\/wp\/v2\/media?parent=2440"}],"wp:term":[{"taxonomy":"category","embeddable":true,"href":"https:\/\/codexflores.ch\/index.php\/wp-json\/wp\/v2\/categories?post=2440"},{"taxonomy":"post_tag","embeddable":true,"href":"https:\/\/codexflores.ch\/index.php\/wp-json\/wp\/v2\/tags?post=2440"}],"curies":[{"name":"wp","href":"https:\/\/api.w.org\/{rel}","templated":true}]}}