{"id":2441,"date":"2015-07-16T06:32:06","date_gmt":"2015-07-16T06:32:06","guid":{"rendered":"https:\/\/codexflores.ch\/index.php\/2015\/07\/16\/tod-des-barockspezialisten-alan-curtis\/"},"modified":"2015-07-16T06:32:06","modified_gmt":"2015-07-16T06:32:06","slug":"tod-des-barockspezialisten-alan-curtis","status":"publish","type":"post","link":"https:\/\/codexflores.ch\/index.php\/2015\/07\/16\/tod-des-barockspezialisten-alan-curtis\/","title":{"rendered":"Tod des Barockspezialisten Alan Curtis"},"content":{"rendered":"<p><span style=\"font-family: arial,helvetica,sans-serif; font-size: small;\">16.07.2015 &#8212; Der amerikanische Dirigent, Cembalist und Musikwissenschaftler Alan Curtis, unter anderem Gr\u00fcnder des Ensembles Il Complesso Barocco, ist in Florenz im Alter von 80 Jahren verstorben.<\/span><\/p>\n<p>\u00a0<\/p>\n<p><span style=\"font-family: arial,helvetica,sans-serif; font-size: small;\"><strong>16.07.2015 &#8212; Der amerikanische Dirigent, Cembalist und Musikwissenschaftler Alan Curtis, unter anderem Gr\u00fcnder des Ensembles Il Complesso Barocco, ist in Florenz im Alter von 80 Jahren verstorben.<\/strong><\/span><\/p>\n<p><span style=\"font-family: arial,helvetica,sans-serif; font-size: small;\">\u00a0 <\/span><\/p>\n<p><span style=\"font-family: arial,helvetica,sans-serif; font-size: small;\">Curtis setzte sich laut seiner Biografie auf der Sony-Webseite schon fr\u00fch f\u00fcr historisch orientierte Auff\u00fchrungen der Musik des 17. und 18. Jahrhunderts ein und leistete Pionierarbeit bei der Wiederentdeckung vernachl\u00e4ssigter Meisterwerke des Barocks. Er studierte von 1957 bis 1959 bei Gustav Leonhardt in Amsterdam. Nach seiner R\u00fcckkehr in die USA promovierte er im Fach Musikwissenschaft an der University of Illinois und nahm dann seine Lehrt\u00e4tigkeit am Musikinstitut der University of California auf. <\/span><\/p>\n<p>\u00a0<\/p>\n<p><span style=\"font-family: arial,helvetica,sans-serif; font-size: small;\">Viele Jahre pendelte er zwischen Berkeley und Europa. In den letzten Jahrzehnten widmete er sich vorrangig der barocken Oper. Bei seiner Rekonstruktion von Monteverdis <em>L\u2019Incoronazione di Poppea<\/em> in den 1960er Jahren in Berkeley wurde das Werk seit Jahrhunderten erstmals in der urspr\u00fcnglichen Orchestrierung gespielt. Sein Deb\u00fct an der Mail\u00e4nder Scala gab er 1980 als Dirigent von H\u00e4ndels Ariodante. <\/span><\/p>\n<p>\u00a0<\/p>\n<p><span style=\"font-family: arial,helvetica,sans-serif; font-size: small;\">In St. Gallen,\u00a0Lissabon und Spoleto brachte er 2005 H\u00e4ndels <em>Fernando<\/em> (H\u00e4ndels urspr\u00fcngliche Fassung von <em>Sosarme)<\/em> zur Erstauff\u00fchrung. Beachtung erzielte er auch mit der Weltersteinspielung von Vivaldis sp\u00e4t wiederentdeckter und rekonstruierter Oper <em>Motezuma<\/em>. 1992 gr\u00fcndete er Il Complesso Barocco, ein Ensemble junger S\u00e4nger und Instrumentalsolisten, das sich mittlerweile vor allem auf das Repertoire der Barockoper spezialisiert hat. <em>(cf)<\/em><\/span><\/p>\n","protected":false},"excerpt":{"rendered":"<p><span style=\"font-family: arial,helvetica,sans-serif; font-size: small;\">16.07.2015 &#8212; Der amerikanische Dirigent, Cembalist und Musikwissenschaftler Alan Curtis, unter anderem Gr\u00fcnder des Ensembles Il Complesso Barocco, ist in Florenz im Alter von 80 Jahren verstorben.<\/span><\/p>\n","protected":false},"author":1,"featured_media":0,"comment_status":"open","ping_status":"open","sticky":false,"template":"","format":"standard","meta":{"footnotes":""},"categories":[2],"tags":[],"class_list":["post-2441","post","type-post","status-publish","format-standard","hentry","category-nachrichten","entry"],"_links":{"self":[{"href":"https:\/\/codexflores.ch\/index.php\/wp-json\/wp\/v2\/posts\/2441","targetHints":{"allow":["GET"]}}],"collection":[{"href":"https:\/\/codexflores.ch\/index.php\/wp-json\/wp\/v2\/posts"}],"about":[{"href":"https:\/\/codexflores.ch\/index.php\/wp-json\/wp\/v2\/types\/post"}],"author":[{"embeddable":true,"href":"https:\/\/codexflores.ch\/index.php\/wp-json\/wp\/v2\/users\/1"}],"replies":[{"embeddable":true,"href":"https:\/\/codexflores.ch\/index.php\/wp-json\/wp\/v2\/comments?post=2441"}],"version-history":[{"count":0,"href":"https:\/\/codexflores.ch\/index.php\/wp-json\/wp\/v2\/posts\/2441\/revisions"}],"wp:attachment":[{"href":"https:\/\/codexflores.ch\/index.php\/wp-json\/wp\/v2\/media?parent=2441"}],"wp:term":[{"taxonomy":"category","embeddable":true,"href":"https:\/\/codexflores.ch\/index.php\/wp-json\/wp\/v2\/categories?post=2441"},{"taxonomy":"post_tag","embeddable":true,"href":"https:\/\/codexflores.ch\/index.php\/wp-json\/wp\/v2\/tags?post=2441"}],"curies":[{"name":"wp","href":"https:\/\/api.w.org\/{rel}","templated":true}]}}