{"id":2444,"date":"2015-07-17T06:44:32","date_gmt":"2015-07-17T06:44:32","guid":{"rendered":"https:\/\/codexflores.ch\/index.php\/2015\/07\/17\/musikunterricht-an-deutschen-schulen\/"},"modified":"2015-07-17T06:44:32","modified_gmt":"2015-07-17T06:44:32","slug":"musikunterricht-an-deutschen-schulen","status":"publish","type":"post","link":"https:\/\/codexflores.ch\/index.php\/2015\/07\/17\/musikunterricht-an-deutschen-schulen\/","title":{"rendered":"Musikunterricht an deutschen Schulen f\u00e4llt h\u00e4ufig aus"},"content":{"rendered":"<p><span style=\"font-family: arial,helvetica,sans-serif; font-size: small;\">17.07.2015 &#8212; Eine Studie, die das Institut f\u00fcr Demoskopie Allensbach (IfD) in Deutschland auf Initiative des Rates f\u00fcr Kulturelle Bildung durchgef\u00fchrt hat, zeigt Beunruhigendes: 33 Prozent aller Sch\u00fclerinnen und Sch\u00fcler geben an, bei ihnen falle der Musikunterricht mehr als selten, zum Teil sogar h\u00e4ufig aus.<\/span><\/p>\n<p><span style=\"font-family: arial,helvetica,sans-serif; font-size: small;\"><strong>17.07.2015 &#8212; Eine Studie, die das Institut f\u00fcr Demoskopie Allensbach (IfD) in Deutschland auf Initiative des Rates f\u00fcr Kulturelle Bildung durchgef\u00fchrt hat, zeigt Beunruhigendes: 33 Prozent aller Sch\u00fclerinnen und Sch\u00fcler geben an, bei ihnen falle der Musikunterricht mehr als selten, zum Teil sogar h\u00e4ufig aus.<\/strong><\/span><\/p>\n<p><span style=\"font-family: arial,helvetica,sans-serif; font-size: small;\">\u00a0<\/span><\/p>\n<p><span style=\"font-family: arial,helvetica,sans-serif; font-size: small;\">Hinzu kommen 17 Prozent, die derzeit keinen Kunstunterricht haben. Mithin berichten 50 Prozent der Sch\u00fclerinnen und Sch\u00fcler, ihr Kunstunterricht finde nicht regelm\u00e4ssig statt; \u00e4hnliches gilt f\u00fcr den Musikunterricht (49 Prozent). Mit Blick auf die Frage der Chancengerechtigkeit sei zudem ein Gef\u00e4lle zwischen Sekundarschulen und Gymnasien festzustellen, schreibt der\u00a0Rat f\u00fcr Kulturelle Bildung.<\/span><\/p>\n<p><span style=\"font-family: arial,helvetica,sans-serif; font-size: small;\">\u00a0<\/span><\/p>\n<p><span style=\"font-family: arial,helvetica,sans-serif; font-size: small;\">Nach eigenen Angaben haben in den Sekundarschulen 54 Prozent der Befragten keinen regelm\u00e4ssigen Kunstunterricht (Gymnasien 43 Prozent), 55 Prozent keinen regelm\u00e4ssigen Musikunterricht (Gymnasien 41 Prozent).\u00a0 F\u00fcr die repr\u00e4sentative Studie wurden bundesweit 1430 Personen im Alter ab 16 Jahren in m\u00fcndlich-pers\u00f6nlichen Interviews\u00a0 befragt. <em>(cf)<\/em><\/span><\/p>\n","protected":false},"excerpt":{"rendered":"<p><span style=\"font-family: arial,helvetica,sans-serif; font-size: small;\">17.07.2015 &#8212; Eine Studie, die das Institut f\u00fcr Demoskopie Allensbach (IfD) in Deutschland auf Initiative des Rates f\u00fcr Kulturelle Bildung durchgef\u00fchrt hat, zeigt Beunruhigendes: 33 Prozent aller Sch\u00fclerinnen und Sch\u00fcler geben an, bei ihnen falle der Musikunterricht mehr als selten, zum Teil sogar h\u00e4ufig aus.<\/span><\/p>\n","protected":false},"author":1,"featured_media":0,"comment_status":"open","ping_status":"open","sticky":false,"template":"","format":"standard","meta":{"footnotes":""},"categories":[2],"tags":[],"class_list":["post-2444","post","type-post","status-publish","format-standard","hentry","category-nachrichten","entry"],"_links":{"self":[{"href":"https:\/\/codexflores.ch\/index.php\/wp-json\/wp\/v2\/posts\/2444","targetHints":{"allow":["GET"]}}],"collection":[{"href":"https:\/\/codexflores.ch\/index.php\/wp-json\/wp\/v2\/posts"}],"about":[{"href":"https:\/\/codexflores.ch\/index.php\/wp-json\/wp\/v2\/types\/post"}],"author":[{"embeddable":true,"href":"https:\/\/codexflores.ch\/index.php\/wp-json\/wp\/v2\/users\/1"}],"replies":[{"embeddable":true,"href":"https:\/\/codexflores.ch\/index.php\/wp-json\/wp\/v2\/comments?post=2444"}],"version-history":[{"count":0,"href":"https:\/\/codexflores.ch\/index.php\/wp-json\/wp\/v2\/posts\/2444\/revisions"}],"wp:attachment":[{"href":"https:\/\/codexflores.ch\/index.php\/wp-json\/wp\/v2\/media?parent=2444"}],"wp:term":[{"taxonomy":"category","embeddable":true,"href":"https:\/\/codexflores.ch\/index.php\/wp-json\/wp\/v2\/categories?post=2444"},{"taxonomy":"post_tag","embeddable":true,"href":"https:\/\/codexflores.ch\/index.php\/wp-json\/wp\/v2\/tags?post=2444"}],"curies":[{"name":"wp","href":"https:\/\/api.w.org\/{rel}","templated":true}]}}