{"id":2446,"date":"2015-07-20T06:00:24","date_gmt":"2015-07-20T06:00:24","guid":{"rendered":"https:\/\/codexflores.ch\/index.php\/2015\/07\/20\/jansen-mit-dem-musikfest-preis-bremen-2015-geehrt\/"},"modified":"2015-07-20T06:00:24","modified_gmt":"2015-07-20T06:00:24","slug":"jansen-mit-dem-musikfest-preis-bremen-2015-geehrt","status":"publish","type":"post","link":"https:\/\/codexflores.ch\/index.php\/2015\/07\/20\/jansen-mit-dem-musikfest-preis-bremen-2015-geehrt\/","title":{"rendered":"Jansen mit dem Musikfest-Preis Bremen 2015 geehrt"},"content":{"rendered":"<p><span style=\"font-family: arial,helvetica,sans-serif; font-size: small;\">20.07.2015 &#8212; Die niederl\u00e4ndische Geigerin Janine Jansen erh\u00e4lt den Musikfest-Preis Bremen 2015. Mit dem undotierten Preis zeichnet das Festival seit 1998 j\u00e4hrlich \u00abbedeutende Solisten, Ensembles, Orchester und Dirigenten aus, die durch ihr herausragendes k\u00fcnstlerisches Wirken in der internationalen Musikwelt eigenst\u00e4ndige Akzente gesetzt haben\u00bb.<\/span><\/p>\n<p><span style=\"font-family: arial,helvetica,sans-serif; font-size: small;\"><strong>20.07.2015 &#8212; Die niederl\u00e4ndische Geigerin Janine Jansen erh\u00e4lt den Musikfest-Preis Bremen 2015. Mit dem undotierten Preis zeichnet das Festival seit 1998 j\u00e4hrlich \u00abbedeutende Solisten, Ensembles, Orchester und Dirigenten aus, die durch ihr herausragendes k\u00fcnstlerisches Wirken in der internationalen Musikwelt eigenst\u00e4ndige Akzente gesetzt haben\u00bb.<\/strong><\/span><\/p>\n<p><span style=\"font-family: arial,helvetica,sans-serif; font-size: small;\">\u00a0<\/span><\/p>\n<p><span style=\"font-family: arial,helvetica,sans-serif; font-size: small;\">Jansen vereine in h\u00f6chstem Mass Virtuosit\u00e4t, Ausdrucksreichtum und Charme. In ihren Auftritten besteche sie durch ein ausserordentlich nuanciertes Spiel, das in Einklang mit ihrem Sinn f\u00fcr Proportionen und Klang stehe, schreibt die Jury. Besonders durch ihren unbedingten Einsatz f\u00fcr die Kammermusik habe sie \u00abden ganz besonderen Reiz dieser Kunstgattung mitreissend erlebbar gemacht und dem Festival mit ihrer k\u00fcnstlerischen Integrit\u00e4t unvergessliche Konzertabende geschenkt\u00bb, begr\u00fcndet die Jury die Entscheidung weiter.\u00a0<\/span><\/p>\n<p><span style=\"font-family: arial,helvetica,sans-serif; font-size: small;\">\u00a0<\/span><\/p>\n<p><span style=\"font-family: arial,helvetica,sans-serif; font-size: small;\">Preistr\u00e4ger des <span style=\"font-family: arial,helvetica,sans-serif; font-size: small;\">Musikfest-Preises Bremen <\/span>der vergangenen Jahre waren unter anderen Jessye Norman, Nikolaus Harnoncourt, Marc Minkowski, Anne Sofie von Otter, H\u00e9l\u00e8ne Grimaud, Masaaki Suzuki und Ottavio Dantone.<em> (cf)<\/em><\/span><\/p>\n","protected":false},"excerpt":{"rendered":"<p><span style=\"font-family: arial,helvetica,sans-serif; font-size: small;\">20.07.2015 &#8212; Die niederl\u00e4ndische Geigerin Janine Jansen erh\u00e4lt den Musikfest-Preis Bremen 2015. Mit dem undotierten Preis zeichnet das Festival seit 1998 j\u00e4hrlich \u00abbedeutende Solisten, Ensembles, Orchester und Dirigenten aus, die durch ihr herausragendes k\u00fcnstlerisches Wirken in der internationalen Musikwelt eigenst\u00e4ndige Akzente gesetzt haben\u00bb.<\/span><\/p>\n","protected":false},"author":1,"featured_media":0,"comment_status":"open","ping_status":"open","sticky":false,"template":"","format":"standard","meta":{"footnotes":""},"categories":[2],"tags":[],"class_list":["post-2446","post","type-post","status-publish","format-standard","hentry","category-nachrichten","entry"],"_links":{"self":[{"href":"https:\/\/codexflores.ch\/index.php\/wp-json\/wp\/v2\/posts\/2446","targetHints":{"allow":["GET"]}}],"collection":[{"href":"https:\/\/codexflores.ch\/index.php\/wp-json\/wp\/v2\/posts"}],"about":[{"href":"https:\/\/codexflores.ch\/index.php\/wp-json\/wp\/v2\/types\/post"}],"author":[{"embeddable":true,"href":"https:\/\/codexflores.ch\/index.php\/wp-json\/wp\/v2\/users\/1"}],"replies":[{"embeddable":true,"href":"https:\/\/codexflores.ch\/index.php\/wp-json\/wp\/v2\/comments?post=2446"}],"version-history":[{"count":0,"href":"https:\/\/codexflores.ch\/index.php\/wp-json\/wp\/v2\/posts\/2446\/revisions"}],"wp:attachment":[{"href":"https:\/\/codexflores.ch\/index.php\/wp-json\/wp\/v2\/media?parent=2446"}],"wp:term":[{"taxonomy":"category","embeddable":true,"href":"https:\/\/codexflores.ch\/index.php\/wp-json\/wp\/v2\/categories?post=2446"},{"taxonomy":"post_tag","embeddable":true,"href":"https:\/\/codexflores.ch\/index.php\/wp-json\/wp\/v2\/tags?post=2446"}],"curies":[{"name":"wp","href":"https:\/\/api.w.org\/{rel}","templated":true}]}}