{"id":2448,"date":"2015-07-20T16:21:16","date_gmt":"2015-07-20T16:21:16","guid":{"rendered":"https:\/\/codexflores.ch\/index.php\/2015\/07\/20\/tod-des-frueheren-berner-theaterdirektors-eike-gramss\/"},"modified":"2015-07-20T16:21:16","modified_gmt":"2015-07-20T16:21:16","slug":"tod-des-frueheren-berner-theaterdirektors-eike-gramss","status":"publish","type":"post","link":"https:\/\/codexflores.ch\/index.php\/2015\/07\/20\/tod-des-frueheren-berner-theaterdirektors-eike-gramss\/","title":{"rendered":"Tod des fr\u00fcheren Berner Theaterdirektors Eike Gramss"},"content":{"rendered":"<p><span style=\"font-family: arial,helvetica,sans-serif; font-size: small;\">20.07.2015 &#8212; Eike Gramss, der fr\u00fchere Direktor des Stadttheaters Bern, ist laut einer Mitteilung der Universit\u00e4t Mozarteum Salzburg im Alter von 73 Jahren verstorben.<\/span><\/p>\n<p><span style=\"font-family: arial,helvetica,sans-serif; font-size: small;\"><strong>20.07.2015 &#8212; Eike Gramss, der fr\u00fchere Direktor des Stadttheaters Bern, ist laut einer Mitteilung der Universit\u00e4t Mozarteum Salzburg im Alter von 73 Jahren verstorben.<\/strong><\/span><\/p>\n<p><span style=\"font-family: arial,helvetica,sans-serif; font-size: small;\">\u00a0<\/span><\/p>\n<p><span style=\"font-family: arial,helvetica,sans-serif; font-size: small;\">Gramss amtete in Bern von 1991 bis 2007. Zuvor war er von 1985 bis 1991 Generalintendant in Krefeld\/M\u00f6nchengladbach. An der Universit\u00e4t Mozarteum Salzburg war er nach 2007 als Professor t\u00e4tig.<\/span><\/p>\n<p><span style=\"font-family: arial,helvetica,sans-serif; font-size: small;\">\u00a0<\/span><\/p>\n<p><span style=\"font-family: arial,helvetica,sans-serif; font-size: small;\">Eike Gramss, geboren bei Bremen, studierte Schauspiel an der Hochschule f\u00fcr Musik und Theater in Hamburg. Als Sprech- und Musiktheaterregisseur arbeitete er laut Bayerischer Staatsoper unter anderem in Augsburg, Bonn, Karlsruhe, Graz, Basel und Dublin sowie an den Opernh\u00e4usern von D\u00fcsseldorf, Berlin, Dresden, Hannover, Leipzig und Antwerpen, an der English National Opera in London, am Megaro Mousikis in Athen sowie beim Maggio Musicale in Florenz.<em> (cf)<\/em><\/span><\/p>\n<p><span style=\"font-family: arial,helvetica,sans-serif; font-size: small;\">\u00a0<\/span><\/p>\n","protected":false},"excerpt":{"rendered":"<p><span style=\"font-family: arial,helvetica,sans-serif; font-size: small;\">20.07.2015 &#8212; Eike Gramss, der fr\u00fchere Direktor des Stadttheaters Bern, ist laut einer Mitteilung der Universit\u00e4t Mozarteum Salzburg im Alter von 73 Jahren verstorben.<\/span><\/p>\n","protected":false},"author":1,"featured_media":0,"comment_status":"open","ping_status":"open","sticky":false,"template":"","format":"standard","meta":{"footnotes":""},"categories":[2],"tags":[],"class_list":["post-2448","post","type-post","status-publish","format-standard","hentry","category-nachrichten","entry"],"_links":{"self":[{"href":"https:\/\/codexflores.ch\/index.php\/wp-json\/wp\/v2\/posts\/2448","targetHints":{"allow":["GET"]}}],"collection":[{"href":"https:\/\/codexflores.ch\/index.php\/wp-json\/wp\/v2\/posts"}],"about":[{"href":"https:\/\/codexflores.ch\/index.php\/wp-json\/wp\/v2\/types\/post"}],"author":[{"embeddable":true,"href":"https:\/\/codexflores.ch\/index.php\/wp-json\/wp\/v2\/users\/1"}],"replies":[{"embeddable":true,"href":"https:\/\/codexflores.ch\/index.php\/wp-json\/wp\/v2\/comments?post=2448"}],"version-history":[{"count":0,"href":"https:\/\/codexflores.ch\/index.php\/wp-json\/wp\/v2\/posts\/2448\/revisions"}],"wp:attachment":[{"href":"https:\/\/codexflores.ch\/index.php\/wp-json\/wp\/v2\/media?parent=2448"}],"wp:term":[{"taxonomy":"category","embeddable":true,"href":"https:\/\/codexflores.ch\/index.php\/wp-json\/wp\/v2\/categories?post=2448"},{"taxonomy":"post_tag","embeddable":true,"href":"https:\/\/codexflores.ch\/index.php\/wp-json\/wp\/v2\/tags?post=2448"}],"curies":[{"name":"wp","href":"https:\/\/api.w.org\/{rel}","templated":true}]}}