{"id":2451,"date":"2015-07-22T05:58:28","date_gmt":"2015-07-22T05:58:28","guid":{"rendered":"https:\/\/codexflores.ch\/index.php\/2015\/07\/22\/steve-roger-beraet-das-orchestre-national-de-france\/"},"modified":"2015-07-22T05:58:28","modified_gmt":"2015-07-22T05:58:28","slug":"steve-roger-beraet-das-orchestre-national-de-france","status":"publish","type":"post","link":"https:\/\/codexflores.ch\/index.php\/2015\/07\/22\/steve-roger-beraet-das-orchestre-national-de-france\/","title":{"rendered":"Steve Roger ber\u00e4t das Orchestre national de France"},"content":{"rendered":"<p><span style=\"font-family: arial,helvetica,sans-serif; font-size: small;\">22.07.2015 &#8212; Die Westschweizer Zeitung \u00abLe Temps\u00bb meldet, dass Steve Roger, der fr\u00fchere Generaldirektor des Orchestre de la Suisse Romande (OSR), tempor\u00e4r eine Beratungsfunktion f\u00fcr das Orchestre national de France (ONF) \u00fcbernimmt.<\/span><\/p>\n<p><span style=\"font-family: arial,helvetica,sans-serif; font-size: small;\"><strong>22.07.2015 &#8212; Die Westschweizer Zeitung \u00abLe Temps\u00bb meldet, dass Steve Roger, der fr\u00fchere Generaldirektor des Orchestre de la Suisse Romande (OSR), tempor\u00e4r eine Beratungsfunktion f\u00fcr das Orchestre national de France (ONF) \u00fcbernimmt.<\/strong><\/span><\/p>\n<p><span style=\"font-family: arial,helvetica,sans-serif; font-size: small;\">\u00a0<\/span><\/p>\n<p><span style=\"font-family: arial,helvetica,sans-serif; font-size: small;\">Roger, der zur Zeit als Koleiter der Konzertagentur Caecilia amtet, soll\u00a0 f\u00fcr ein Jahr die Leitung des ONF bei der Gestaltung der Programme helfen. Dazu soll er pro Monat eine Woche in Paris verbringen. Roger leitete das OSR w\u00e4hrend 15 Jahren.<\/span><\/p>\n<p><span style=\"font-family: arial,helvetica,sans-serif; font-size: small;\">\u00a0<\/span><\/p>\n<p><span style=\"font-family: arial,helvetica,sans-serif; font-size: small;\">Die Orchester von Radio France, zu denen das ONF geh\u00f6rt, befinden sich zur Zeit in einer schwierigen Situation. Im Fr\u00fchling dieses Jahres hatte Jean-Pierre Rousseau, der umstrittene Direktor der Musikabteilung von Radio France, seinen Posten abgegeben. Zudem wurde zeitweilig \u00fcber eine Fusion des Orchestre Philharmonique de Radio France und des Orchestre National de France nachgedacht. <em>(cf)<\/em><\/span><\/p>\n","protected":false},"excerpt":{"rendered":"<p><span style=\"font-family: arial,helvetica,sans-serif; font-size: small;\">22.07.2015 &#8212; Die Westschweizer Zeitung \u00abLe Temps\u00bb meldet, dass Steve Roger, der fr\u00fchere Generaldirektor des Orchestre de la Suisse Romande (OSR), tempor\u00e4r eine Beratungsfunktion f\u00fcr das Orchestre national de France (ONF) \u00fcbernimmt.<\/span><\/p>\n","protected":false},"author":1,"featured_media":0,"comment_status":"open","ping_status":"open","sticky":false,"template":"","format":"standard","meta":{"footnotes":""},"categories":[2],"tags":[],"class_list":["post-2451","post","type-post","status-publish","format-standard","hentry","category-nachrichten","entry"],"_links":{"self":[{"href":"https:\/\/codexflores.ch\/index.php\/wp-json\/wp\/v2\/posts\/2451","targetHints":{"allow":["GET"]}}],"collection":[{"href":"https:\/\/codexflores.ch\/index.php\/wp-json\/wp\/v2\/posts"}],"about":[{"href":"https:\/\/codexflores.ch\/index.php\/wp-json\/wp\/v2\/types\/post"}],"author":[{"embeddable":true,"href":"https:\/\/codexflores.ch\/index.php\/wp-json\/wp\/v2\/users\/1"}],"replies":[{"embeddable":true,"href":"https:\/\/codexflores.ch\/index.php\/wp-json\/wp\/v2\/comments?post=2451"}],"version-history":[{"count":0,"href":"https:\/\/codexflores.ch\/index.php\/wp-json\/wp\/v2\/posts\/2451\/revisions"}],"wp:attachment":[{"href":"https:\/\/codexflores.ch\/index.php\/wp-json\/wp\/v2\/media?parent=2451"}],"wp:term":[{"taxonomy":"category","embeddable":true,"href":"https:\/\/codexflores.ch\/index.php\/wp-json\/wp\/v2\/categories?post=2451"},{"taxonomy":"post_tag","embeddable":true,"href":"https:\/\/codexflores.ch\/index.php\/wp-json\/wp\/v2\/tags?post=2451"}],"curies":[{"name":"wp","href":"https:\/\/api.w.org\/{rel}","templated":true}]}}