{"id":2452,"date":"2015-07-22T08:44:58","date_gmt":"2015-07-22T08:44:58","guid":{"rendered":"https:\/\/codexflores.ch\/index.php\/2015\/07\/22\/organ-journal-fuer-die-orgel-02-2015\/"},"modified":"2015-07-22T08:44:58","modified_gmt":"2015-07-22T08:44:58","slug":"organ-journal-fuer-die-orgel-02-2015","status":"publish","type":"post","link":"https:\/\/codexflores.ch\/index.php\/2015\/07\/22\/organ-journal-fuer-die-orgel-02-2015\/","title":{"rendered":"Organ Journal f\u00fcr die Orgel 02\/2015"},"content":{"rendered":"<p><strong><span style=\"font-family: arial,helvetica,sans-serif; font-size: small;\"><img loading=\"lazy\" decoding=\"async\" src=\"images\/zeitschriften_covers\/150722organ.jpg\" border=\"0\" alt=\"Cover Zeitschrift\" width=\"100\" height=\"142\" style=\"float: left; margin: 4px;\" \/><\/span><\/strong><\/p>\n<p><span style=\"font-size: medium;\"><strong><span style=\"font-family: arial,helvetica,sans-serif;\"><br \/>J. A. Silbermanns Reisetagebuch<\/span><\/strong><\/span><\/p>\n<h2 class=\"borderBottom\"><strong><span style=\"font-family: arial,helvetica,sans-serif; font-size: small;\">Geschichte<br \/><\/span><\/strong><span class=\"articleTextSmall\" style=\"font-family: arial,helvetica,sans-serif; font-size: small;\">Sprondel, Friedrich <\/span><\/h2>\n<p class=\"borderBottom\"><span style=\"font-family: arial,helvetica,sans-serif; font-size: small;\"> <a class=\"articleTextBold\" href=\"http:\/\/www.organ-journal.com\/de_DE\/journal\/current\/showarticle,39772.html\"> \u201eAnmerckungen derer Auf meiner S\u00e4chsischen Rey\u00dfe gesehenen Merckw\u00fcrdigkeiten \u2026 <\/a> <\/span><br \/><span class=\"articleText\" style=\"font-family: arial,helvetica,sans-serif; font-size: small;\"> Zum Sensationsfund eines bislang unbekannten Reisetagebuchs von Johann Andreas Silbermann (1741)<\/p>\n<p><\/span><span style=\"font-family: arial,helvetica,sans-serif; font-size: small;\"><strong>Instrument<\/strong><br \/><\/span><span class=\"articleTextSmall\" style=\"font-family: arial,helvetica,sans-serif; font-size: small;\">Adolph, Wolfram \/ Bernhard Schmidt <\/span><\/p>\n<p><span style=\"font-family: arial,helvetica,sans-serif; font-size: small;\"> <a class=\"articleTextBold\" href=\"http:\/\/www.organ-journal.com\/de_DE\/journal\/current\/showarticle,39773.html\"> Deutsch-franz\u00f6sische Doppel\u00e4sthetik <\/a> <\/span><br \/><span class=\"articleText\" style=\"font-family: arial,helvetica,sans-serif; font-size: small;\"> Das sp\u00e4tsymphonische Opus 312 der Gebr\u00fcder Sp\u00e4th (1924\/25) in St. Michael zu Saarbr\u00fccken<\/p>\n<p><\/span><span style=\"font-family: arial,helvetica,sans-serif; font-size: small;\"><strong>Gespr\u00e4ch<br \/><\/strong><\/span><span class=\"articleTextSmall\" style=\"font-family: arial,helvetica,sans-serif; font-size: small;\">Adolph, Wolfram <\/span><\/p>\n<p><span style=\"font-family: arial,helvetica,sans-serif; font-size: small;\"> <a class=\"articleTextBold\" href=\"http:\/\/www.organ-journal.com\/de_DE\/journal\/current\/showarticle,39774.html\"> Exekutive einer m\u00f6glicherweise historischen Legislative <\/a> <\/span><br \/><span class=\"articleText\" style=\"font-family: arial,helvetica,sans-serif; font-size: small;\"> Der junge Konzertorganist, Pianist und Cembalist Christian Barthen im Gespr\u00e4ch mit organ-Chefredakteur Wolfram Adolph<\/p>\n<p><\/span><span style=\"font-family: arial,helvetica,sans-serif; font-size: small;\"><strong>Instrument<br \/><\/strong><\/span><span style=\"font-family: arial,helvetica,sans-serif; font-size: small;\"><a class=\"articleTextBold\" href=\"http:\/\/www.organ-journal.com\/de_DE\/journal\/current\/showarticle,39775.html\">Die CD zum Heft <\/a> <\/span><\/p>\n<p><span class=\"articleText\" style=\"font-family: arial,helvetica,sans-serif; font-size: small;\"> Orgelwerke \u2026 gro\u00dfen Stils<br \/><\/span><\/p>\n<h2 class=\"borderBottom\"><span style=\"font-family: arial,helvetica,sans-serif; font-size: small;\"><strong>Geschichte<br \/><\/strong><\/span><span class=\"articleTextSmall\" style=\"font-family: arial,helvetica,sans-serif; font-size: small;\">Kaufmann, Michael Gerhard <\/span><\/h2>\n<p class=\"borderBottom\"><span style=\"font-family: arial,helvetica,sans-serif; font-size: small;\"> <a class=\"articleTextBold\" href=\"http:\/\/www.organ-journal.com\/de_DE\/journal\/current\/showarticle,39776.html\"> Monumentalorgeln <\/a> <\/span><br \/><span class=\"articleText\" style=\"font-family: arial,helvetica,sans-serif; font-size: small;\"> Motivationen und Kontexte in Geschichte und Gegenwart<\/p>\n<p><\/span><span style=\"font-family: arial,helvetica,sans-serif; font-size: small;\"><strong>Neue Orgel<br \/><\/strong><\/span><span class=\"articleTextSmall\" style=\"font-family: arial,helvetica,sans-serif; font-size: small;\">Gre\u00df, Frank-Harald <\/span><\/p>\n<p class=\"borderBottom\"><span style=\"font-family: arial,helvetica,sans-serif; font-size: small;\"> <a class=\"articleTextBold\" href=\"http:\/\/www.organ-journal.com\/de_DE\/journal\/current\/showarticle,39777.html\"> Gegen das Vergessen <\/a> <\/span><br \/><span class=\"articleText\" style=\"font-family: arial,helvetica,sans-serif; font-size: small;\"> Die neuen Orgeln des Leipziger \u201ePaulinums\u201c<br \/><\/span><span style=\"font-family: arial,helvetica,sans-serif; font-size: small;\"><strong><br \/>Portr\u00e4t<br \/><\/strong><\/span><span class=\"articleTextSmall\" style=\"font-family: arial,helvetica,sans-serif; font-size: small;\">Rampe,Siegbert <\/span><\/p>\n<p class=\"borderBottom\"><span style=\"font-family: arial,helvetica,sans-serif; font-size: small;\"> <a class=\"articleTextBold\" href=\"http:\/\/www.organ-journal.com\/de_DE\/journal\/current\/showarticle,39778.html\"> Von Bach \u201egeliebt u. studirt&#8220; <\/a> <\/span><br \/><span class=\"articleText\" style=\"font-family: arial,helvetica,sans-serif; font-size: small;\"> Nicolaus Bruhns zum 350. Geburtstag<br \/><\/span><strong><span style=\"font-family: arial,helvetica,sans-serif; font-size: small;\"><br \/>Bericht<br \/><\/span><\/strong><span class=\"articleTextSmall\" style=\"font-family: arial,helvetica,sans-serif; font-size: small;\">Krawinkel, Guido <\/span><\/p>\n<p class=\"article\"><span style=\"font-family: arial,helvetica,sans-serif; font-size: small;\"> <a class=\"articleTextBold\" href=\"http:\/\/www.organ-journal.com\/de_DE\/journal\/current\/showarticle,39779.html\"> F\u00fcr jeden etwas dabei <\/a> <\/span><br \/><span class=\"articleText\" style=\"font-family: arial,helvetica,sans-serif; font-size: small;\"> Das 4. Bonner Orgelfest mit herausragendem Programm<br \/><\/span><\/p>\n<div class=\"article\">\n<p class=\"borderBottom\"><span style=\"font-family: arial,helvetica,sans-serif; font-size: small;\"><strong>CDs, B\u00fccher, Noten<\/p>\n<p><\/strong><\/span><\/p>\n<\/p><\/div>\n","protected":false},"excerpt":{"rendered":"<p>J. A. Silbermanns Reisetagebuch GeschichteSprondel, Friedrich \u201eAnmerckungen derer Auf meiner S\u00e4chsischen Rey\u00dfe gesehenen Merckw\u00fcrdigkeiten \u2026 Zum Sensationsfund eines bislang unbekannten&#8230;<\/p>\n","protected":false},"author":1,"featured_media":0,"comment_status":"open","ping_status":"open","sticky":false,"template":"","format":"standard","meta":{"footnotes":""},"categories":[10],"tags":[],"class_list":["post-2452","post","type-post","status-publish","format-standard","hentry","category-fachzeitschriften","entry"],"_links":{"self":[{"href":"https:\/\/codexflores.ch\/index.php\/wp-json\/wp\/v2\/posts\/2452","targetHints":{"allow":["GET"]}}],"collection":[{"href":"https:\/\/codexflores.ch\/index.php\/wp-json\/wp\/v2\/posts"}],"about":[{"href":"https:\/\/codexflores.ch\/index.php\/wp-json\/wp\/v2\/types\/post"}],"author":[{"embeddable":true,"href":"https:\/\/codexflores.ch\/index.php\/wp-json\/wp\/v2\/users\/1"}],"replies":[{"embeddable":true,"href":"https:\/\/codexflores.ch\/index.php\/wp-json\/wp\/v2\/comments?post=2452"}],"version-history":[{"count":0,"href":"https:\/\/codexflores.ch\/index.php\/wp-json\/wp\/v2\/posts\/2452\/revisions"}],"wp:attachment":[{"href":"https:\/\/codexflores.ch\/index.php\/wp-json\/wp\/v2\/media?parent=2452"}],"wp:term":[{"taxonomy":"category","embeddable":true,"href":"https:\/\/codexflores.ch\/index.php\/wp-json\/wp\/v2\/categories?post=2452"},{"taxonomy":"post_tag","embeddable":true,"href":"https:\/\/codexflores.ch\/index.php\/wp-json\/wp\/v2\/tags?post=2452"}],"curies":[{"name":"wp","href":"https:\/\/api.w.org\/{rel}","templated":true}]}}