{"id":2453,"date":"2015-07-23T05:51:06","date_gmt":"2015-07-23T05:51:06","guid":{"rendered":"https:\/\/codexflores.ch\/index.php\/2015\/07\/23\/preis-der-europaeischen-kirchenmusik-fuer-younghi-pagh-paan\/"},"modified":"2015-07-23T05:51:06","modified_gmt":"2015-07-23T05:51:06","slug":"preis-der-europaeischen-kirchenmusik-fuer-younghi-pagh-paan","status":"publish","type":"post","link":"https:\/\/codexflores.ch\/index.php\/2015\/07\/23\/preis-der-europaeischen-kirchenmusik-fuer-younghi-pagh-paan\/","title":{"rendered":"Preis der Europ\u00e4ischen Kirchenmusik f\u00fcr Younghi Pagh-Paan"},"content":{"rendered":"<p><span style=\"font-family: arial,helvetica,sans-serif; font-size: small;\">23.07.2015 &#8212; Die s\u00fcdkoreanische Komponistin Younghi Pagh-Paan ist in Schw\u00e4bisch Gm\u00fcnd mit dem Preis der Europ\u00e4ischen Kirchenmusik 2015 ausgezeichnet worden.<\/span><\/p>\n<p><span style=\"font-family: arial,helvetica,sans-serif; font-size: small;\"><strong>23.07.2015 &#8212; Die s\u00fcdkoreanische Komponistin Younghi Pagh-Paan ist in Schw\u00e4bisch Gm\u00fcnd mit dem Preis der Europ\u00e4ischen Kirchenmusik 2015 ausgezeichnet worden.<\/strong><\/span><\/p>\n<p>\u00a0<\/p>\n<p><span style=\"font-family: arial,helvetica,sans-serif; font-size: small;\">Younghi Pagh-Paan wurde 1945 in Cheogju (S\u00fcdkorea) geboren und studierte zun\u00e4chst an der Universit\u00e4t in Seoul. Durch ein Stipendium des DAAD kam sie 1974 nach Deutschland, um ihre Studien bei Klaus Huber an der Musikhochschule in Freiburg fortzusetzen. Nach Gastprofessuren an den Musikhochschulen Graz und Karlsruhe wurde sie 1994 zur Professorin f\u00fcr Komposition an die Hochschule f\u00fcr K\u00fcnste Bremen berufen. Dort gr\u00fcndete sie das Atelier Neue Musik, das sie bis 2011 leitete.<\/span><\/p>\n<p><span style=\"font-family: arial,helvetica,sans-serif; font-size: small;\">\u00a0<\/span><\/p>\n<p><span style=\"font-family: arial,helvetica,sans-serif; font-size: small;\">Die Stadt Schw\u00e4bisch Gm\u00fcnd ehrt die Komponistin mit der Auszeichnung \u00abf\u00fcr ihre herausragenden Verdienste um Komposition und Lehre zeitgen\u00f6ssischer Musik sowie f\u00fcr ihre musikalisch einzigartigen interkulturellen Visionen\u00bb. Mit dem mit 5000 Euro dotierten Preis der Europ\u00e4ischen Kirchenmusik ehrt die Stadt j\u00e4hrlich hochrangige Interpreten und Komponisten f\u00fcr herausragende Leistungen auf dem Gebiet der Geistlichen Musik. <em>(cf)<\/em><\/span><\/p>\n<p><span style=\"font-family: arial,helvetica,sans-serif; font-size: small;\">\u00a0<\/span><\/p>\n","protected":false},"excerpt":{"rendered":"<p><span style=\"font-family: arial,helvetica,sans-serif; font-size: small;\">23.07.2015 &#8212; Die s\u00fcdkoreanische Komponistin Younghi Pagh-Paan ist in Schw\u00e4bisch Gm\u00fcnd mit dem Preis der Europ\u00e4ischen Kirchenmusik 2015 ausgezeichnet worden.<\/span><\/p>\n","protected":false},"author":1,"featured_media":0,"comment_status":"open","ping_status":"open","sticky":false,"template":"","format":"standard","meta":{"footnotes":""},"categories":[2],"tags":[],"class_list":["post-2453","post","type-post","status-publish","format-standard","hentry","category-nachrichten","entry"],"_links":{"self":[{"href":"https:\/\/codexflores.ch\/index.php\/wp-json\/wp\/v2\/posts\/2453","targetHints":{"allow":["GET"]}}],"collection":[{"href":"https:\/\/codexflores.ch\/index.php\/wp-json\/wp\/v2\/posts"}],"about":[{"href":"https:\/\/codexflores.ch\/index.php\/wp-json\/wp\/v2\/types\/post"}],"author":[{"embeddable":true,"href":"https:\/\/codexflores.ch\/index.php\/wp-json\/wp\/v2\/users\/1"}],"replies":[{"embeddable":true,"href":"https:\/\/codexflores.ch\/index.php\/wp-json\/wp\/v2\/comments?post=2453"}],"version-history":[{"count":0,"href":"https:\/\/codexflores.ch\/index.php\/wp-json\/wp\/v2\/posts\/2453\/revisions"}],"wp:attachment":[{"href":"https:\/\/codexflores.ch\/index.php\/wp-json\/wp\/v2\/media?parent=2453"}],"wp:term":[{"taxonomy":"category","embeddable":true,"href":"https:\/\/codexflores.ch\/index.php\/wp-json\/wp\/v2\/categories?post=2453"},{"taxonomy":"post_tag","embeddable":true,"href":"https:\/\/codexflores.ch\/index.php\/wp-json\/wp\/v2\/tags?post=2453"}],"curies":[{"name":"wp","href":"https:\/\/api.w.org\/{rel}","templated":true}]}}