{"id":2459,"date":"2015-07-27T06:00:41","date_gmt":"2015-07-27T06:00:41","guid":{"rendered":"https:\/\/codexflores.ch\/index.php\/2015\/07\/27\/12-piccolo-musikfestival-embrach\/"},"modified":"2015-07-27T06:00:41","modified_gmt":"2015-07-27T06:00:41","slug":"12-piccolo-musikfestival-embrach","status":"publish","type":"post","link":"https:\/\/codexflores.ch\/index.php\/2015\/07\/27\/12-piccolo-musikfestival-embrach\/","title":{"rendered":"12. Piccolo Musikfestival Embrach"},"content":{"rendered":"<p><span style=\"font-family: arial,helvetica,sans-serif; font-size: small;\">27.07.2015 &#8212; Im September wird das Z\u00fcrcher Unterland zum Treffpunkt der Tango- und Brasilien-Freunde. Am Piccolo Musikfestival Embrach wirken unter anderem Solistinnen und Solisten des Opernhaus- und des Tonhalle-Orchesters unter der Leitung des argentinischen Komponisten und Pianisten Juan Esteban Cuacci mit.<\/span><\/p>\n<p><span style=\"font-family: arial,helvetica,sans-serif; font-size: small;\"><strong>27.07.2015 &#8212; Im September wird das Z\u00fcrcher Unterland zum Treffpunkt der Tango- und Brasilien-Freunde. Am Piccolo Musikfestival Embrach wirken unter anderem Solistinnen und Solisten des Opernhaus- und des Tonhalle-Orchesters unter der Leitung des argentinischen Komponisten und Pianisten Juan Esteban Cuacci mit.<\/strong><\/span><\/p>\n<p>\u00a0<\/p>\n<p><span style=\"font-family: arial,helvetica,sans-serif; font-size: small;\">Er\u00f6ffnet wird das diesj\u00e4hrige Festival am Mittwoch, dem 9. September, von ebendiesen und der argentinischen Festival-Veranstalterin und S\u00e4ngerin Gabriela Bergallo \u2013 mit Werken von Astor Piazzolla und Tom Jobim.<\/span><\/p>\n<p>\u00a0<\/p>\n<p><span style=\"font-family: arial,helvetica,sans-serif; font-size: small;\"> Der Schwerpunkt des Festivals liegt bei der Musik aus S\u00fcdamerika. Es wird jedoch unter den sechs Konzerten wie jedes Jahr auch solche anderer Stilrichtungen geben. So beispielsweise das Nabor\u00ed-Septett aus Santiago de Cuba Son Cubano, Trova y Conga Santiaguera. Das Publikum erwartet \u00fcberdies mit \u00abGeo Funk Train\u00bb eine Mischung kaukasischer und moderner Instrumente mit georgischen Harmoniefolgen und Jazzkl\u00e4ngen. F\u00fcr Kinder f\u00fchrt das T\u00f6sstaler Marionettentheater den \u00abSchellen-Ursli\u00bb auf.<\/span><\/p>\n<p>\u00a0<\/p>\n<p><span style=\"font-family: arial,helvetica,sans-serif; font-size: small;\"><strong>Mehr Infos:<\/strong> <a href=\"http:\/\/www.piccolo-musikfestival.ch\/\">www.piccolo-musikfestival.ch<\/a><\/span><\/p>\n","protected":false},"excerpt":{"rendered":"<p><span style=\"font-family: arial,helvetica,sans-serif; font-size: small;\">27.07.2015 &#8212; Im September wird das Z\u00fcrcher Unterland zum Treffpunkt der Tango- und Brasilien-Freunde. Am Piccolo Musikfestival Embrach wirken unter anderem Solistinnen und Solisten des Opernhaus- und des Tonhalle-Orchesters unter der Leitung des argentinischen Komponisten und Pianisten Juan Esteban Cuacci mit.<\/span><\/p>\n","protected":false},"author":1,"featured_media":0,"comment_status":"open","ping_status":"open","sticky":false,"template":"","format":"standard","meta":{"footnotes":""},"categories":[2],"tags":[],"class_list":["post-2459","post","type-post","status-publish","format-standard","hentry","category-nachrichten","entry"],"_links":{"self":[{"href":"https:\/\/codexflores.ch\/index.php\/wp-json\/wp\/v2\/posts\/2459","targetHints":{"allow":["GET"]}}],"collection":[{"href":"https:\/\/codexflores.ch\/index.php\/wp-json\/wp\/v2\/posts"}],"about":[{"href":"https:\/\/codexflores.ch\/index.php\/wp-json\/wp\/v2\/types\/post"}],"author":[{"embeddable":true,"href":"https:\/\/codexflores.ch\/index.php\/wp-json\/wp\/v2\/users\/1"}],"replies":[{"embeddable":true,"href":"https:\/\/codexflores.ch\/index.php\/wp-json\/wp\/v2\/comments?post=2459"}],"version-history":[{"count":0,"href":"https:\/\/codexflores.ch\/index.php\/wp-json\/wp\/v2\/posts\/2459\/revisions"}],"wp:attachment":[{"href":"https:\/\/codexflores.ch\/index.php\/wp-json\/wp\/v2\/media?parent=2459"}],"wp:term":[{"taxonomy":"category","embeddable":true,"href":"https:\/\/codexflores.ch\/index.php\/wp-json\/wp\/v2\/categories?post=2459"},{"taxonomy":"post_tag","embeddable":true,"href":"https:\/\/codexflores.ch\/index.php\/wp-json\/wp\/v2\/tags?post=2459"}],"curies":[{"name":"wp","href":"https:\/\/api.w.org\/{rel}","templated":true}]}}