{"id":246,"date":"2014-01-10T10:46:23","date_gmt":"2014-01-10T10:46:23","guid":{"rendered":"https:\/\/codexflores.ch\/index.php\/2014\/01\/10\/sol-gabettas-progetto-vivaldi\/"},"modified":"2014-01-10T10:46:23","modified_gmt":"2014-01-10T10:46:23","slug":"sol-gabettas-progetto-vivaldi","status":"publish","type":"post","link":"https:\/\/codexflores.ch\/index.php\/2014\/01\/10\/sol-gabettas-progetto-vivaldi\/","title":{"rendered":"Sol Gabettas \u00abProgetto Vivaldi\u00bb"},"content":{"rendered":"<p><span class=\"txt-m-black\"><img decoding=\"async\" src=\"http:\/\/212.60.37.143\/bilder\/2007\/071019gabetta.jpg\" border=\"0\" align=\"left\" \/><em>19.10.2007 &#8212;<\/em> Die 1981 in Argentinien geborene und heute in Basel lehrende Cellistin Sol Gabetta hat 2004 mit dem Gewinn eines Credit Suisse Young Artist Award des Lucerne Festivals Aufmerksamkeit erregt. Mit ihrer ersten CD \u2013 sie spielte darauf, begleitet vom M\u00fcnchner Rundfunkorchester unter Ari Rasilainen, Werke von Tschaikowsky und Ginastera \u2013 hat sie den Echo Klassik 2007 f\u00fcr die beste Interpretation eines Konzerts des 19. Jahrhunderts erhalten und so ihren Platz in der internationalen Top-Liga der Klassik gefestigt. Ein weiterer Meilenstein d\u00fcrfte in der laufenden Saison ein Auftritt mit Yo-Yo Ma sein. Die beiden werden mit dem Washington Symphony Orchestra unter Leitung des Komponisten Leonard Slatkins \u00abDialogue for two cellos\u00bb urauff\u00fchren. Zun\u00e4chst legt die r\u00fchrige Musikerin aber ein Vivaldi-Album vor \u2013 mit f\u00fcnf Cellokonzerten (RV 401, 410, 413, 418 und 424), einem f\u00fcr Cello bearbeiteten Violinkonzert (RV 356) und einer ebensolchen Bearbeitung des \u00abWinters\u00bb aus den \u00abVier Jahreszeiten\u00bb des venezianischen Meisters.<\/p>\n<p> Die smarte Jungcellistin ist bislang nicht als Vertreterin der historischen Musizierpraxis hervorgetreten, dank ihrer Lehrt\u00e4tigkeit in Basel sitzt sie allerdings sozusagen an der Quelle, ist die Stadt doch eine Hochburg der kundigen Auseinandersetzung mit Alter Musik. Ob und wie weit sie sich mit ihren Kollegen von der Barockzunft tats\u00e4chlich ausgetauscht hat, geht aus den Informationen zur CD nicht hervor. F\u00fcr das Album hat sie ihr Guadagnini-Cello von 1759 aber auf alle F\u00e4lle mit Darmsaiten bespannt und sich \u00fcberdies mit einem Barockbogen bewaffnet.<\/p>\n<p> Begleitet wird sie bei ihrem \u00abVivaldi-Projekt\u00bb vom italienischen Ensemble Sonatori de la Gioiosa Marca, dessen Cellist Walter Vestidello auch die Bearbeitungen der beiden Violinkonzerte besorgt hat. Die Aufnahmen zur CD sind im Mai dieses Jahres in der Kirche San Vigilio von Col San Martino im italienischen Treviso realisiert worden.<\/p>\n<p> Die Sonatori sind eine kammermusikalisch mit Streichquartett, Gambe, Laute und Cembalo besetzte Formation, woraus bei der Begleitung eines solierenden Cellos ein eher unausgewogenes oder zumindest fragiles Klangbild mit einem \u00dcberhang im Tenor, respektive Bass resultiert. Die h\u00f6heren Register werden \u00fcberdies durch die teils gemeinsam angeschlagenen Continuo-Instrumente Laute und Cembalo verwischt. Zu einem wenig plastischen Gesamtklang, der teils haarscharf an Flatterechos vorbeischrammt, teils recht aufdringliche Atem- und Spielger\u00e4usche mitschleppt und weder ein plastisch durchh\u00f6rbares noch ein satt-energetisches Ensemble ergibt, tr\u00e4gt m\u00f6glicherweise auch die Aufnahmetechnik bei.<\/p>\n<p> Auf eine Art erinnert die CD an Aufnahmen aus der Pionierzeit der Historischen Auff\u00fchrungspraxis, in der in Abgrenzung zur damals vorherrschenden kammermusikalischen Musizierweise ein obertonreicher, antiromantischer Ton gepflegt wurde. Das bedeutet aber (gl\u00fccklicherweise) auch, dass der zur Zeit grassierenden Mode zu m\u00f6glichst aggressiver Attacke und extremer Dynamik in der Interpretation Alter Musik nicht Folge geleistet wird. Die Spielweise der Solistin wirkt eher k\u00fchl und distanziert \u2013 vor allem in den langsamen Mittels\u00e4tzen, in denen sie sich gestalterisch zur\u00fccknimmt. <\/p>\n<p> Das schweizerisch-italienische Zusammenspiel hat allerdings auch einen eigenen Reiz, wie das nur allzu bekannte und in Sachen kompositorischer K\u00fchnheit \u00fcber die restlichen Werke weit hinausragende Konzert aus den \u00abJahreszeiten\u00bb beweist: Den Ohrwurm machen Solistin und Ensemble zu einem spannenden und frisch wirkenden H\u00f6rerlebnis voller ungeahnter neuer und \u00fcberraschender Schattierungen. <em>(wb)<\/em><\/p>\n<p> <em><span class=\"txt-s-black\" style=\"font-size: x-small;\">Sol Gabetta: Il progetto Vivaldi, Sonatori de la gioiosa marca, Konzerte RV 297, 356, 401, 410, 413, 418 und 424, RCA Red Seal 88697131692 (Sony BMG 2007). <\/span><\/em><\/span><\/p>\n","protected":false},"excerpt":{"rendered":"<p>19.10.2007 &#8212; Die 1981 in Argentinien geborene und heute in Basel lehrende Cellistin Sol Gabetta hat 2004 mit dem Gewinn&#8230;<\/p>\n","protected":false},"author":1,"featured_media":0,"comment_status":"open","ping_status":"open","sticky":false,"template":"","format":"standard","meta":{"footnotes":""},"categories":[4],"tags":[],"class_list":["post-246","post","type-post","status-publish","format-standard","hentry","category-im-gespraech","entry"],"_links":{"self":[{"href":"https:\/\/codexflores.ch\/index.php\/wp-json\/wp\/v2\/posts\/246","targetHints":{"allow":["GET"]}}],"collection":[{"href":"https:\/\/codexflores.ch\/index.php\/wp-json\/wp\/v2\/posts"}],"about":[{"href":"https:\/\/codexflores.ch\/index.php\/wp-json\/wp\/v2\/types\/post"}],"author":[{"embeddable":true,"href":"https:\/\/codexflores.ch\/index.php\/wp-json\/wp\/v2\/users\/1"}],"replies":[{"embeddable":true,"href":"https:\/\/codexflores.ch\/index.php\/wp-json\/wp\/v2\/comments?post=246"}],"version-history":[{"count":0,"href":"https:\/\/codexflores.ch\/index.php\/wp-json\/wp\/v2\/posts\/246\/revisions"}],"wp:attachment":[{"href":"https:\/\/codexflores.ch\/index.php\/wp-json\/wp\/v2\/media?parent=246"}],"wp:term":[{"taxonomy":"category","embeddable":true,"href":"https:\/\/codexflores.ch\/index.php\/wp-json\/wp\/v2\/categories?post=246"},{"taxonomy":"post_tag","embeddable":true,"href":"https:\/\/codexflores.ch\/index.php\/wp-json\/wp\/v2\/tags?post=246"}],"curies":[{"name":"wp","href":"https:\/\/api.w.org\/{rel}","templated":true}]}}