{"id":2461,"date":"2015-07-28T05:50:43","date_gmt":"2015-07-28T05:50:43","guid":{"rendered":"https:\/\/codexflores.ch\/index.php\/2015\/07\/28\/30-davos-festival-young-artists-in-concert\/"},"modified":"2015-07-28T05:50:43","modified_gmt":"2015-07-28T05:50:43","slug":"30-davos-festival-young-artists-in-concert","status":"publish","type":"post","link":"https:\/\/codexflores.ch\/index.php\/2015\/07\/28\/30-davos-festival-young-artists-in-concert\/","title":{"rendered":"30. Davos Festival \u2013 young artists in concert"},"content":{"rendered":"<p><span style=\"font-family: arial,helvetica,sans-serif; font-size: small;\">28.07.2015 &#8212; Das Davos Festival, das kommenden Freitag startet, feiert dieses Jahr sein 30-j\u00e4hriges Bestehen. Es tut dies unter dem Motto \u00abKreisverkehr\u00bb. Da hat der Quinterzirkel genauso Platz wie ein Konzert f\u00fcr neun Harley Davidson Motorr\u00e4der.<\/span><\/p>\n<p><span style=\"font-family: arial,helvetica,sans-serif; font-size: small;\"><strong>28.07.2015 &#8212;\u00a0Das Davos Festival, das kommenden Freitag startet, feiert dieses Jahr sein 30-j\u00e4hriges Bestehen. Es tut dies unter dem Motto \u00abKreisverkehr\u00bb. Da hat der Quinterzirkel genauso Platz wie ein Konzert f\u00fcr neun Harley Davidson Motorr\u00e4der.<\/strong><\/span><\/p>\n<p><span style=\"font-family: arial,helvetica,sans-serif; font-size: small;\">\u00a0<\/span><\/p>\n<p><span style=\"font-family: arial,helvetica,sans-serif; font-size: small;\">Composer in Residence ist in Davos der franz\u00f6sische Komponist Marc-Andr\u00e9 Dalbavie, ein Repr\u00e4sentant der sogenannten \u00abSpektralmusik\u00bb und uner anderem mit seiner Oper \u00abCharlotte Salomon\u00bb \u2013 von Regisseur Luc Bondy 2014 bei den Salzburger Festspielen inszeniert\u00a0 \u2013 einer breiteren \u00d6ffentlichkeit bekannt wurde.\u00a0<\/span><\/p>\n<p><span style=\"font-family: arial,helvetica,sans-serif; font-size: small;\">\u00a0<\/span><\/p>\n<p><span style=\"font-family: arial,helvetica,sans-serif; font-size: small;\">Uraufgef\u00fchrt werden in Davos \u00abVier Kreisel\u00bb, Lieder f\u00fcr Sopran und Klavier des Schweizer Komponisten und Panfl\u00f6tenvirtuosen Christoph Blum, der eine besondere Vorliebe f\u00fcr mittelalterliche Musik hegt, sowie ein Werk des\u00a0rum\u00e4nischen Komponisten Victor Alexandru Coltea.<\/span><\/p>\n<p><span style=\"font-family: arial,helvetica,sans-serif; font-size: small;\">\u00a0<\/span><\/p>\n<p><span style=\"font-family: arial,helvetica,sans-serif; font-size: small;\">Insgesamt stehen 45 Konzerte auf dem Programm, die Namen tragen wie \u00abRoundAbout\u00bb, \u00abMusiCircus\u00bb, \u00abReCycling\u00bb, \u00abQuintenZirkel\u00bb oder \u00abKreisleriana\u00bb. Das Repertoire reicht von Gesualdo, Bach, Biber, Mozart, Beethoven, Schubert, Brahms und Liszt bis hin zu Georg Kreisler, Ligeti, Cage, Stockhausen und Dieter Schnebels \u00abKonzert f\u00fcr neun Harley Davidson Motorr\u00e4der\u00bb sowie Kompositionen von popul\u00e4ren Schweizer Musikern wie Teddy Stauffer und Mani Matter.\u00a0 <em>(cf)<\/em><\/span><\/p>\n<p><span style=\"font-family: arial,helvetica,sans-serif; font-size: small;\"><em>\u00a0<\/em><\/span><\/p>\n<p><span style=\"font-family: arial,helvetica,sans-serif; font-size: small;\"><strong>Mehr Infos:<\/strong> <a href=\"http:\/\/www.davosfestival.ch\" target=\"_blank\" rel=\"noopener noreferrer\">www.davosfestival.ch<em><br \/><\/em><\/a><\/span><\/p>\n","protected":false},"excerpt":{"rendered":"<p><span style=\"font-family: arial,helvetica,sans-serif; font-size: small;\">28.07.2015 &#8212; Das Davos Festival, das kommenden Freitag startet, feiert dieses Jahr sein 30-j\u00e4hriges Bestehen. Es tut dies unter dem Motto \u00abKreisverkehr\u00bb. Da hat der Quinterzirkel genauso Platz wie ein Konzert f\u00fcr neun Harley Davidson Motorr\u00e4der.<\/span><\/p>\n","protected":false},"author":1,"featured_media":0,"comment_status":"open","ping_status":"open","sticky":false,"template":"","format":"standard","meta":{"footnotes":""},"categories":[2],"tags":[],"class_list":["post-2461","post","type-post","status-publish","format-standard","hentry","category-nachrichten","entry"],"_links":{"self":[{"href":"https:\/\/codexflores.ch\/index.php\/wp-json\/wp\/v2\/posts\/2461","targetHints":{"allow":["GET"]}}],"collection":[{"href":"https:\/\/codexflores.ch\/index.php\/wp-json\/wp\/v2\/posts"}],"about":[{"href":"https:\/\/codexflores.ch\/index.php\/wp-json\/wp\/v2\/types\/post"}],"author":[{"embeddable":true,"href":"https:\/\/codexflores.ch\/index.php\/wp-json\/wp\/v2\/users\/1"}],"replies":[{"embeddable":true,"href":"https:\/\/codexflores.ch\/index.php\/wp-json\/wp\/v2\/comments?post=2461"}],"version-history":[{"count":0,"href":"https:\/\/codexflores.ch\/index.php\/wp-json\/wp\/v2\/posts\/2461\/revisions"}],"wp:attachment":[{"href":"https:\/\/codexflores.ch\/index.php\/wp-json\/wp\/v2\/media?parent=2461"}],"wp:term":[{"taxonomy":"category","embeddable":true,"href":"https:\/\/codexflores.ch\/index.php\/wp-json\/wp\/v2\/categories?post=2461"},{"taxonomy":"post_tag","embeddable":true,"href":"https:\/\/codexflores.ch\/index.php\/wp-json\/wp\/v2\/tags?post=2461"}],"curies":[{"name":"wp","href":"https:\/\/api.w.org\/{rel}","templated":true}]}}