{"id":2467,"date":"2015-07-30T06:17:27","date_gmt":"2015-07-30T06:17:27","guid":{"rendered":"https:\/\/codexflores.ch\/index.php\/2015\/07\/30\/tod-des-waadtlaender-dirigenten-jean-jacques-rapin\/"},"modified":"2015-07-30T06:17:27","modified_gmt":"2015-07-30T06:17:27","slug":"tod-des-waadtlaender-dirigenten-jean-jacques-rapin","status":"publish","type":"post","link":"https:\/\/codexflores.ch\/index.php\/2015\/07\/30\/tod-des-waadtlaender-dirigenten-jean-jacques-rapin\/","title":{"rendered":"Tod des Waadtl\u00e4nder Dirigenten Jean-Jacques Rapin"},"content":{"rendered":"<p><span style=\"font-family: arial,helvetica,sans-serif; font-size: small;\">30.07.2015 &#8212; Der Dirigent Jean-Jacques Rapin, der auch 15 Jahre lang das Konservatorium Lausanne leitete, ist laut einer Mitteilung seines Verlegers Eric Caboussat im Alter von 82 Jahren verstorben.<\/span><\/p>\n<p>\u00a0<\/p>\n<p><span style=\"font-family: arial,helvetica,sans-serif; font-size: small;\"><strong>30.07.2015 &#8212; Der Dirigent Jean-Jacques Rapin, der auch 15 Jahre lang das Konservatorium Lausanne leitete, ist laut einer Mitteilung seines Verlegers Eric Caboussat im Alter von 82 Jahren verstorben.<\/strong><\/span><\/p>\n<p>\u00a0<\/p>\n<p><span style=\"font-family: arial,helvetica,sans-serif; font-size: small;\">Der 1932 in Vevey geborene Rapin leitete das Kammerorchester Lausanne, das Symphonieorchester Biel und verschiedene Ch\u00f6re und von 1984 bis 1999 das Konservatorium in Lausanne. Rapin war \u00fcberdies Gr\u00fcnder der Ernest-Ansermet-Gesellschaft. Sein Buch \u00abA la d\u00e9couverte de la musique\u00bb war ein Bestseller und soll neu aufgelegt werden. <em>(cf)<\/em><\/span><\/p>\n","protected":false},"excerpt":{"rendered":"<p><span style=\"font-family: arial,helvetica,sans-serif; font-size: small;\">30.07.2015 &#8212; Der Dirigent Jean-Jacques Rapin, der auch 15 Jahre lang das Konservatorium Lausanne leitete, ist laut einer Mitteilung seines Verlegers Eric Caboussat im Alter von 82 Jahren verstorben.<\/span><\/p>\n","protected":false},"author":1,"featured_media":0,"comment_status":"open","ping_status":"open","sticky":false,"template":"","format":"standard","meta":{"footnotes":""},"categories":[2],"tags":[],"class_list":["post-2467","post","type-post","status-publish","format-standard","hentry","category-nachrichten","entry"],"_links":{"self":[{"href":"https:\/\/codexflores.ch\/index.php\/wp-json\/wp\/v2\/posts\/2467","targetHints":{"allow":["GET"]}}],"collection":[{"href":"https:\/\/codexflores.ch\/index.php\/wp-json\/wp\/v2\/posts"}],"about":[{"href":"https:\/\/codexflores.ch\/index.php\/wp-json\/wp\/v2\/types\/post"}],"author":[{"embeddable":true,"href":"https:\/\/codexflores.ch\/index.php\/wp-json\/wp\/v2\/users\/1"}],"replies":[{"embeddable":true,"href":"https:\/\/codexflores.ch\/index.php\/wp-json\/wp\/v2\/comments?post=2467"}],"version-history":[{"count":0,"href":"https:\/\/codexflores.ch\/index.php\/wp-json\/wp\/v2\/posts\/2467\/revisions"}],"wp:attachment":[{"href":"https:\/\/codexflores.ch\/index.php\/wp-json\/wp\/v2\/media?parent=2467"}],"wp:term":[{"taxonomy":"category","embeddable":true,"href":"https:\/\/codexflores.ch\/index.php\/wp-json\/wp\/v2\/categories?post=2467"},{"taxonomy":"post_tag","embeddable":true,"href":"https:\/\/codexflores.ch\/index.php\/wp-json\/wp\/v2\/tags?post=2467"}],"curies":[{"name":"wp","href":"https:\/\/api.w.org\/{rel}","templated":true}]}}