{"id":2471,"date":"2015-08-04T05:37:17","date_gmt":"2015-08-04T05:37:17","guid":{"rendered":"https:\/\/codexflores.ch\/index.php\/2015\/08\/04\/bilanz-des-verbier-festivals-2015\/"},"modified":"2015-08-04T05:37:17","modified_gmt":"2015-08-04T05:37:17","slug":"bilanz-des-verbier-festivals-2015","status":"publish","type":"post","link":"https:\/\/codexflores.ch\/index.php\/2015\/08\/04\/bilanz-des-verbier-festivals-2015\/","title":{"rendered":"Bilanz des Verbier Festivals 2015"},"content":{"rendered":"<p><span style=\"font-family: arial,helvetica,sans-serif; font-size: small;\">04.08.2015 &#8212; Das 22. Verbier Festival ist Geschichte. Es hat rund 41&#8217;000 Eintritte generiert. Wegen des starken Frankens mutmasslich ausgebliebene Besucher aus dem Euro-Raum hat es mit starkem Andrang aus der Region und dem Waadtland kompensiert.<\/span><\/p>\n<p><span style=\"font-family: arial,helvetica,sans-serif; font-size: small;\"><strong>04.08.2015 &#8212; Das 22. Verbier Festival ist Geschichte. Es hat rund 41&#8217;000 Eintritte generiert. Wegen des starken Frankens mutmasslich ausgebliebene Besucher aus dem Euro-Raum hat es mit starkem Andrang aus der Region und dem Waadtland kompensiert.<\/strong><\/span><\/p>\n<p>\u00a0<\/p>\n<div class=\"text-section\">\n<p><span style=\"font-family: arial,helvetica,sans-serif; font-size: small;\">Von den 30&#8217;000 verkauften Karten sind 39 Prozent w\u00e4hrend des Festivals \u00fcber den Ladentisch gegangen. 11&#8217;000 Beucher haben an den Gratisveranstaltungen teilgenommen. Laut Kim Gaynor, der Verwaltungsdirektorin des Verbier Festivals, sind die Ticketpreise zwar nicht gestiegen. Der starke Schweizer Franken verursache aber f\u00fcr die Bewohner der Eurozone, die 20 bis 30 Prozent des Festival-Publikums ausmachten, Mehrkosten.<\/span><\/p>\n<p>\u00a0<\/p>\n<p><span style=\"font-family: arial,helvetica,sans-serif; font-size: small;\">Die Zahl der Zuschauer, die das Festival im Internet verfolgten, werde immer gr\u00f6sser, schreiben die Verantwortlichen. Dieses Jahr h\u00e4tten die auf medici.tv \u00fcbertragenen Konzerte jegliche Rekorde gebrochen. Das Konzert von Valery Gergiev wurde von 34&#8217;000 Fernsehzuschauern gesehen. Rekordhalterin war bis dahin Martha Argerich, die vor drei Jahren 22&#8217;100 Zuschauer vor den Bildschirm brachte.<em> (cf)<\/em><br \/><\/span><\/p>\n<\/p><\/div>\n<p>\u00a0<\/p>\n","protected":false},"excerpt":{"rendered":"<p><span style=\"font-family: arial,helvetica,sans-serif; font-size: small;\">04.08.2015 &#8212; Das 22. Verbier Festival ist Geschichte. Es hat rund 41&#8217;000 Eintritte generiert. Wegen des starken Frankens mutmasslich ausgebliebene Besucher aus dem Euro-Raum hat es mit starkem Andrang aus der Region und dem Waadtland kompensiert.<\/span><\/p>\n","protected":false},"author":1,"featured_media":0,"comment_status":"open","ping_status":"open","sticky":false,"template":"","format":"standard","meta":{"footnotes":""},"categories":[2],"tags":[],"class_list":["post-2471","post","type-post","status-publish","format-standard","hentry","category-nachrichten","entry"],"_links":{"self":[{"href":"https:\/\/codexflores.ch\/index.php\/wp-json\/wp\/v2\/posts\/2471","targetHints":{"allow":["GET"]}}],"collection":[{"href":"https:\/\/codexflores.ch\/index.php\/wp-json\/wp\/v2\/posts"}],"about":[{"href":"https:\/\/codexflores.ch\/index.php\/wp-json\/wp\/v2\/types\/post"}],"author":[{"embeddable":true,"href":"https:\/\/codexflores.ch\/index.php\/wp-json\/wp\/v2\/users\/1"}],"replies":[{"embeddable":true,"href":"https:\/\/codexflores.ch\/index.php\/wp-json\/wp\/v2\/comments?post=2471"}],"version-history":[{"count":0,"href":"https:\/\/codexflores.ch\/index.php\/wp-json\/wp\/v2\/posts\/2471\/revisions"}],"wp:attachment":[{"href":"https:\/\/codexflores.ch\/index.php\/wp-json\/wp\/v2\/media?parent=2471"}],"wp:term":[{"taxonomy":"category","embeddable":true,"href":"https:\/\/codexflores.ch\/index.php\/wp-json\/wp\/v2\/categories?post=2471"},{"taxonomy":"post_tag","embeddable":true,"href":"https:\/\/codexflores.ch\/index.php\/wp-json\/wp\/v2\/tags?post=2471"}],"curies":[{"name":"wp","href":"https:\/\/api.w.org\/{rel}","templated":true}]}}